{"id":20965,"date":"2020-12-14T13:22:30","date_gmt":"2020-12-14T12:22:30","guid":{"rendered":"https:\/\/senzor.ba\/?p=20965"},"modified":"2024-01-15T21:41:30","modified_gmt":"2024-01-15T20:41:30","slug":"tri-recenice-alije-izetbegovica-nakon-potpisivanja-dejtona-i-kazem-svom-narodu","status":"publish","type":"post","link":"https:\/\/tvsensor.com\/clanak\/tri-recenice-alije-izetbegovica-nakon-potpisivanja-dejtona-i-kazem-svom-narodu\/","title":{"rendered":"Tri re\u010denice Alije Izetbegovi\u0107a nakon potpisivanja Dejtona: &#8220;I ka\u017eem svom narodu&#8230;&#8221;"},"content":{"rendered":"\n<p>Za Dejtonski sporazum se \u010desto \u017eargonski ka\u017ee da predstavlja &#8220;lu\u0111a\u010dku ko\u0161ulju&#8221; Bosne i Hercegovine, s obzirom na brojne okove koje je donio specifi\u010dnim administrativnim ure\u0111enjem. Da Dejton nije savr\u0161en odmah nakon potpisivanja je nagla\u0161avao i prvi predsjednik Predsjedni\u0161tva na\u0161e zemlje Alija Izetbegovi\u0107.Mir koji je donio dogovor u Dejtonu je najva\u017enija beneficija. Prestalo je ubijanje i stradanje stanovni\u0161tva, a to je primarno \u017eeljela ve\u0107ina. Ipak, sve ono drugo \u0161to je taj mirovni sporazum donio je predmet za rasprave.<\/p>\n\n\n\n<p>Da li se mogao posti\u0107i bolji sporazum ili ne, to je predmet, a i bit \u0107e predmet rasprava i analiza u budu\u0107nosti. Danas, 25 godina kasnije, jasno je da detalji Dejtona nisu najpravedniji. To je neposredno nakon potpisa sporazuma poru\u010dio i Alija Izetbegovi\u0107.<\/p>\n\n\n\n<p>&#8220;I ka\u017eem svom narodu: ovo mo\u017eda nije pravedan mir, ali je pravedniji od nastavka rata. U situaciji poput ove, a u svijetu kakav jeste, bolji mir nije mogu\u0107e posti\u0107i. Bog nam je svjedok da smo u\u010dinili sve \u0161to je u na\u0161oj mo\u0107i da smanjimo nivo nepravde za na\u0161u zemlju i na\u0161 narod&#8221;, kazao je Izetbegovi\u0107.<\/p>\n\n\n\n<p>I prava borba za normalniju dr\u017eavu i pravednije dru\u0161tvo tek je po\u010dela nakon Dejtonskog sporazuma. Ta borba traje i danas, a ponekad se \u010dini da se na\u017ealost i nije mnogo odmaklo. Uz izuzetak nekoliko godina s po\u010detka 2000-ih, BiH se suo\u010dava s mnogo unutra\u0161njih opstrukcija, \u010dak i u vezi s bazi\u010dnim stvarima.<\/p>\n\n\n\n<p>S druge strane globalna kretanja dodatno usmjeravaju i neke odnose u BiH, gdje gra\u0111ani jo\u0161 vape za dr\u017eavom koja \u0107e \u0161tititi njihova prava, koja \u0107e se jednako po\u0161tovati na svakom pedlju i u kojoj \u0107e budu\u0107e generacije zajedno graditi bolje dru\u0161tvo.<\/p>\n\n\n\n<p>Klix.ba<\/p>\n","protected":false},"excerpt":{"rendered":"<p>Za Dejtonski sporazum se \u010desto \u017eargonski ka\u017ee da predstavlja &#8220;lu\u0111a\u010dku ko\u0161ulju&#8221; Bosne i Hercegovine, s obzirom na brojne okove koje je donio specifi\u010dnim administrativnim ure\u0111enjem. Da Dejton nije savr\u0161en odmah nakon potpisivanja je nagla\u0161avao i prvi predsjednik Predsjedni\u0161tva na\u0161e zemlje Alija Izetbegovi\u0107.Mir koji je donio dogovor u Dejtonu je najva\u017enija beneficija. Prestalo je ubijanje i [&hellip;]<\/p>\n","protected":false},"author":59,"featured_media":20966,"comment_status":"closed","ping_status":"closed","sticky":false,"template":"","format":"standard","meta":{"inline_featured_image":false,"footnotes":""},"categories":[47],"tags":[],"class_list":{"0":"post-20965","1":"post","2":"type-post","3":"status-publish","4":"format-standard","5":"has-post-thumbnail","7":"category-historija"},"acf":[],"_links":{"self":[{"href":"https:\/\/tvsensor.com\/api\/wp\/v2\/posts\/20965","targetHints":{"allow":["GET"]}}],"collection":[{"href":"https:\/\/tvsensor.com\/api\/wp\/v2\/posts"}],"about":[{"href":"https:\/\/tvsensor.com\/api\/wp\/v2\/types\/post"}],"author":[{"embeddable":true,"href":"https:\/\/tvsensor.com\/api\/wp\/v2\/users\/59"}],"replies":[{"embeddable":true,"href":"https:\/\/tvsensor.com\/api\/wp\/v2\/comments?post=20965"}],"version-history":[{"count":1,"href":"https:\/\/tvsensor.com\/api\/wp\/v2\/posts\/20965\/revisions"}],"predecessor-version":[{"id":20967,"href":"https:\/\/tvsensor.com\/api\/wp\/v2\/posts\/20965\/revisions\/20967"}],"wp:featuredmedia":[{"embeddable":true,"href":"https:\/\/tvsensor.com\/api\/wp\/v2\/media\/20966"}],"wp:attachment":[{"href":"https:\/\/tvsensor.com\/api\/wp\/v2\/media?parent=20965"}],"wp:term":[{"taxonomy":"category","embeddable":true,"href":"https:\/\/tvsensor.com\/api\/wp\/v2\/categories?post=20965"},{"taxonomy":"post_tag","embeddable":true,"href":"https:\/\/tvsensor.com\/api\/wp\/v2\/tags?post=20965"}],"curies":[{"name":"wp","href":"https:\/\/api.w.org\/{rel}","templated":true}]}}