{"id":20940,"date":"2020-12-14T10:16:32","date_gmt":"2020-12-14T09:16:32","guid":{"rendered":"https:\/\/senzor.ba\/?p=20940"},"modified":"2024-01-15T21:41:30","modified_gmt":"2024-01-15T20:41:30","slug":"dodik-danas-s-vucicem-o-napadima-iz-amerike-i-evrope","status":"publish","type":"post","link":"https:\/\/tvsensor.com\/clanak\/dodik-danas-s-vucicem-o-napadima-iz-amerike-i-evrope\/","title":{"rendered":"Dodik danas s Vu\u010di\u0107em o &#8216;napadima iz Amerike i Evrope&#8217;"},"content":{"rendered":"\n<p>Predsjedavaju\u0107i \u010dlan Predsjedni\u0161tva BiH Milorad Dodik rekao je da \u0107e se danas u Beogradu sastati sa predsjednikom Srbije Aleksandrom Vu\u010di\u0107em, a glavna tema razgovora bi\u0107e epidemiolo\u0161ka situacija u Republici Srpskoj i Srbiji.<\/p>\n\n\n\n<p>&#8211; Raniji dogovor je bio, da za stanovnike Republike Srpske ne\u0107e biti zatvorena granica prema Srbiji. Poku\u0161a\u0107u to da oja\u010dam. Nastoja\u0107u da tako i ostane, jer vidim da Srbija sada najavljuje eventualno zatvaranje granica &#8211; rekao je Dodik, prenosi rtrs.<br><br>On je dodao da \u0107e na sastanku biti razgovarano i o drugim temama.<br><br>&#8211; Napadi dolaze iz Amerike i iz Evrope. Na tapeti je Srbija, srpski narod, Vu\u010di\u0107, na tapeti je i Republika Srpska i svi mi koji predstavljamo Republiku Srpsku &#8211; rekao je Dodik.<\/p>\n","protected":false},"excerpt":{"rendered":"<p>Predsjedavaju\u0107i \u010dlan Predsjedni\u0161tva BiH Milorad Dodik rekao je da \u0107e se danas u Beogradu sastati sa predsjednikom Srbije Aleksandrom Vu\u010di\u0107em, a glavna tema razgovora bi\u0107e epidemiolo\u0161ka situacija u Republici Srpskoj i Srbiji. &#8211; Raniji dogovor je bio, da za stanovnike Republike Srpske ne\u0107e biti zatvorena granica prema Srbiji. Poku\u0161a\u0107u to da oja\u010dam. Nastoja\u0107u da tako [&hellip;]<\/p>\n","protected":false},"author":59,"featured_media":20941,"comment_status":"closed","ping_status":"closed","sticky":false,"template":"","format":"standard","meta":{"inline_featured_image":false,"footnotes":""},"categories":[40,38],"tags":[],"class_list":{"0":"post-20940","1":"post","2":"type-post","3":"status-publish","4":"format-standard","5":"has-post-thumbnail","7":"category-region","8":"category-vijesti-iz-bih"},"acf":[],"_links":{"self":[{"href":"https:\/\/tvsensor.com\/api\/wp\/v2\/posts\/20940","targetHints":{"allow":["GET"]}}],"collection":[{"href":"https:\/\/tvsensor.com\/api\/wp\/v2\/posts"}],"about":[{"href":"https:\/\/tvsensor.com\/api\/wp\/v2\/types\/post"}],"author":[{"embeddable":true,"href":"https:\/\/tvsensor.com\/api\/wp\/v2\/users\/59"}],"replies":[{"embeddable":true,"href":"https:\/\/tvsensor.com\/api\/wp\/v2\/comments?post=20940"}],"version-history":[{"count":1,"href":"https:\/\/tvsensor.com\/api\/wp\/v2\/posts\/20940\/revisions"}],"predecessor-version":[{"id":20942,"href":"https:\/\/tvsensor.com\/api\/wp\/v2\/posts\/20940\/revisions\/20942"}],"wp:featuredmedia":[{"embeddable":true,"href":"https:\/\/tvsensor.com\/api\/wp\/v2\/media\/20941"}],"wp:attachment":[{"href":"https:\/\/tvsensor.com\/api\/wp\/v2\/media?parent=20940"}],"wp:term":[{"taxonomy":"category","embeddable":true,"href":"https:\/\/tvsensor.com\/api\/wp\/v2\/categories?post=20940"},{"taxonomy":"post_tag","embeddable":true,"href":"https:\/\/tvsensor.com\/api\/wp\/v2\/tags?post=20940"}],"curies":[{"name":"wp","href":"https:\/\/api.w.org\/{rel}","templated":true}]}}