{"id":20937,"date":"2020-12-14T10:14:39","date_gmt":"2020-12-14T09:14:39","guid":{"rendered":"https:\/\/senzor.ba\/?p=20937"},"modified":"2024-01-15T21:41:30","modified_gmt":"2024-01-15T20:41:30","slug":"turkovic-neki-koji-traze-moje-izvinjenje-su-umijesani-u-premjestanje-masovnih-grobnica","status":"publish","type":"post","link":"https:\/\/tvsensor.com\/clanak\/turkovic-neki-koji-traze-moje-izvinjenje-su-umijesani-u-premjestanje-masovnih-grobnica\/","title":{"rendered":"Turkovi\u0107: Neki koji tra\u017ee moje izvinjenje su umije\u0161ani u premje\u0161tanje masovnih grobnica"},"content":{"rendered":"\n<p>Nakon brojnih reakcija politi\u010dara iz Republike Srpske na posljednje izjave ministrice vanjskih poslova Bosne i Hercegovine Bisere Turkovi\u0107, gdje je govorila i o ukidanju bh. entiteta, oglasila se i sama ministrica.Naime, Turkovi\u0107 je navela da Stranka demokratske akcije (SDA) kojoj ona pripada, ali i ona sama od po\u010detka smatraju da bi BiH bila najfunkcionalnija sa tri nivoa vlasti \u2013 dr\u017eavnim, regionalnim i lokalnim te da je to vi\u0111enje budu\u0107eg ure\u0111enja na\u0161e dr\u017eave uvijek izazivalo polemike u javnosti.<\/p>\n\n\n\n<p>&#8220;S obzirom na to da su ovi politi\u010dki stavovi poznati i uvijek dostupni javnosti, ne vidim razlog za burne reakcije kojima se bespotrebno podi\u017eu tenzije. Tako\u0111er, imaju\u0107i u vidu razli\u010dite zahtjeve i reakcije mnogobrojnih politi\u010dkih predstavnika nakon mog gostovanja, od kojih se velika ve\u0107ina vjerovatno nije ni udostojila da pogleda kompletan intervju, \u017eelim da naglasim da iskrivljavanje i zloupotreba mojih izjava, s ciljem skretanja pa\u017enje s va\u017enih procesa koji se de\u0161avaju i koji slijede, nikome ne\u0107e donijeti ni\u0161ta dobro na ovim prostorima&#8221;, kazala je Turkovi\u0107.<\/p>\n\n\n\n<p>Dalje dodaje da je jasno da su posljednja de\u0161avanja u UN-u, pred Komitetom za vanjske poslove Zastupni\u010dkog doma Kongresa SAD-a i EU, ali i drugi najavljeni procesi, unijeli nervozu ko\u010dni\u010darima napretka BiH, ali je naglasila da je nedopustiva zloupotreba i konstruisanje njenih izjava uz navode da je vrije\u0111ala jedan narod.<\/p>\n\n\n\n<p>&#8220;Me\u0111utim, slo\u017eit \u0107u se s mnogim reakcijama i zahtjevima da je potrebno izbjegavati zapaljivu retoriku te da je potrebno da uva\u017eavamo jedni druge i po\u0161tujemo Dejtonski mirovni sporazum. Za po\u010detak, predla\u017eem da se prekine negirati genocid nad Bo\u0161njacima, da se po\u0161tuju sudske presude, da se prestanu veli\u010dati ratni zlo\u010dinci, da se oduzmu odlikovanja ratnim zlo\u010dincima, da se konstantno ne vrije\u0111a jedan narod svode\u0107i ga na vjersku skupinu, da se ne vrije\u0111aju vjerski slu\u017ebenici&#8230;&#8221;, naglasila je.<\/p>\n\n\n\n<p>Istakla je i to da je va\u017eno da prestane sistemska diskriminacija u bh. entitetu RS, da se ispo\u0161tuje presuda Ustavnog suda BiH i bo\u0161nja\u010dkoj djeci omogu\u0107i izu\u010davanje bosanskog jezika.<\/p>\n\n\n\n<p>&#8220;Da se iz ud\u017ebenika ukloni ratni zlo\u010dinac Ratko Mladi\u0107, da se po\u0161tuje \u010dlan 97. Ustava entiteta RS i da se omogu\u0107i zapo\u0161ljavanje u javnom sektoru po popisu iz 1991. godine, da se ukloni ilegalno sagra\u0111ena crkva u dvori\u0161tu Fate Orlovi\u0107 u Konjevi\u0107 Polju, da se rasvijetle ubistva 13 povratnika u entitetu RS&#8230; Po\u010detak rje\u0161avanja ovih problema istinski bi potvrdio da po\u0161tujemo zakone, Ustav, Dejtonski sporazum, te da vi\u0161e uva\u017eavamo i po\u0161tujemo jedni druge&#8221;, navela je.<\/p>\n\n\n\n<p>S obzirom na to da su nakon izjave o ukidanju entiteta mnogi politi\u010dari iz RS-a tra\u017eili ostavku i izvinjenje Turkovi\u0107, ona je naglasila da o tim pojedincima koji dr\u017ee moralne lekcije ne bi puno govorila.<\/p>\n\n\n\n<p>&#8220;Podsjetit \u0107u da su neki od njih, prema izjavama svjedoka, umije\u0161ani u premje\u0161tanje masovnih grobnica nakon genocida u Srebrenici i u ratna de\u0161avanja u Kotor Varo\u0161i i Banjoj Luci, dok su neki, mimo cijelog civiliziranog svijeta, odbili da se 11. juli proglasi Danom \u017ealosti u Bosni i Hercegovini&#8221;, zaklju\u010dila je na kraju Turkovi\u0107.<\/p>\n\n\n\n<p>Podsje\u0107amo, Turkovi\u0107 je u gostovanju govorila o Kongresu SAD-a na kojem se govorilo i o BiH, o Zakonu o kr\u0161enju ljudskih prava koji je usvojila EU i promjenama koje bi me\u0111unarodna politika mogla donijeti u BiH. Tim povodom je govorila o ideji ukidanja, kantona, entiteta i Distrikta, odnosno promjeni Ustava.<\/p>\n\n\n\n<p>Ta izjava o ukidanju bh. entiteta izazvala je o\u0161tre reakcije politi\u010dara iz RS-a koji su pozvali na njenu ostavku i izvinjenje.<\/p>\n\n\n\n<p>Predsjedavaju\u0107i Predsjedni\u0161tva Bosne i Hercegovine Milorad Dodik je tako\u0111er najavio da \u0107e zakazati sastanak sa zvani\u010dnicima RS-a, na kojem \u0107e razgovarati o posljednjim istupima ministrice Turkovi\u0107.<\/p>\n\n\n\n<p>Tom prilikom je rekao da je ova izjava kulminacija jednog nemogu\u0107eg statusa u BiH i da svi koji se zala\u017eu za BiH nude da nestanu RS i Srbi, da se pokore Hrvati, kako bi se muslimani i &#8220;mud\u017eahedini&#8221; ovdje \u0161irili.<\/p>\n\n\n\n<p>Prema njegovim rije\u010dima, u politi\u010dkom Sarajevu, u krugu \u010diji je Turkovi\u0107 dio, misle da su Srbija i Srbi najbolji kada su slabi.<\/p>\n","protected":false},"excerpt":{"rendered":"<p>Nakon brojnih reakcija politi\u010dara iz Republike Srpske na posljednje izjave ministrice vanjskih poslova Bosne i Hercegovine Bisere Turkovi\u0107, gdje je govorila i o ukidanju bh. entiteta, oglasila se i sama ministrica.Naime, Turkovi\u0107 je navela da Stranka demokratske akcije (SDA) kojoj ona pripada, ali i ona sama od po\u010detka smatraju da bi BiH bila najfunkcionalnija sa [&hellip;]<\/p>\n","protected":false},"author":59,"featured_media":20938,"comment_status":"closed","ping_status":"closed","sticky":false,"template":"","format":"standard","meta":{"inline_featured_image":false,"footnotes":""},"categories":[234,38],"tags":[],"class_list":{"0":"post-20937","1":"post","2":"type-post","3":"status-publish","4":"format-standard","5":"has-post-thumbnail","7":"category-politika","8":"category-vijesti-iz-bih"},"acf":[],"_links":{"self":[{"href":"https:\/\/tvsensor.com\/api\/wp\/v2\/posts\/20937","targetHints":{"allow":["GET"]}}],"collection":[{"href":"https:\/\/tvsensor.com\/api\/wp\/v2\/posts"}],"about":[{"href":"https:\/\/tvsensor.com\/api\/wp\/v2\/types\/post"}],"author":[{"embeddable":true,"href":"https:\/\/tvsensor.com\/api\/wp\/v2\/users\/59"}],"replies":[{"embeddable":true,"href":"https:\/\/tvsensor.com\/api\/wp\/v2\/comments?post=20937"}],"version-history":[{"count":1,"href":"https:\/\/tvsensor.com\/api\/wp\/v2\/posts\/20937\/revisions"}],"predecessor-version":[{"id":20939,"href":"https:\/\/tvsensor.com\/api\/wp\/v2\/posts\/20937\/revisions\/20939"}],"wp:featuredmedia":[{"embeddable":true,"href":"https:\/\/tvsensor.com\/api\/wp\/v2\/media\/20938"}],"wp:attachment":[{"href":"https:\/\/tvsensor.com\/api\/wp\/v2\/media?parent=20937"}],"wp:term":[{"taxonomy":"category","embeddable":true,"href":"https:\/\/tvsensor.com\/api\/wp\/v2\/categories?post=20937"},{"taxonomy":"post_tag","embeddable":true,"href":"https:\/\/tvsensor.com\/api\/wp\/v2\/tags?post=20937"}],"curies":[{"name":"wp","href":"https:\/\/api.w.org\/{rel}","templated":true}]}}