{"id":20922,"date":"2020-12-14T08:11:25","date_gmt":"2020-12-14T07:11:25","guid":{"rendered":"https:\/\/senzor.ba\/?p=20922"},"modified":"2024-01-15T21:41:31","modified_gmt":"2024-01-15T20:41:31","slug":"godisnjica-potpisivanja-dejtona-dan-kad-je-bih-dobila-mir-ali-i-okove-normalnog-razvoja","status":"publish","type":"post","link":"https:\/\/tvsensor.com\/clanak\/godisnjica-potpisivanja-dejtona-dan-kad-je-bih-dobila-mir-ali-i-okove-normalnog-razvoja\/","title":{"rendered":"Godi\u0161njica potpisivanja Dejtona: Dan kad je BiH dobila mir, ali i okove normalnog razvoja"},"content":{"rendered":"\n<p>Na dana\u0161nji dan, 14. decembra 1995. godine, u Parizu sve\u010dano je potpisan Dejtonski mirovni sporazum. Bosna i Hercegovina dobila je toliko \u017eeljeni mir, ali i, kako su neki kasnije rekli, lu\u0111a\u010dku ko\u0161ulju za dalji ekonomski i dru\u0161tveni razoj.Konferencija je trajala od 1. do 21. novembra 1995. godine, a glavni u\u010desnici su bili predsjednik BiH Alija Izetbegovi\u0107, srbijanski predsjednik Slobodan Milo\u0161evi\u0107, hrvatski predsjednik Franjo Tu\u0111man, te glavni ameri\u010dki posrednik Richard Holbrooke i general Wesley Clark. Sporazum je zvani\u010dno potpisan u Parizu 14. decembra.<\/p>\n\n\n\n<p>Sada\u0161nja administrativna podjela Bosne i Hercegovine i sastav vlade bili su neki od rezultata dogovora. Dijelovi Dejtonskog sporazuma, odnosno njegovi aneksi postavljeni su kao osnova za ure\u0111enje BiH, uklju\u010duju\u0107i i Ustav, \u0161to je i danas na snazi.<\/p>\n\n\n\n<p>Osnovni problem Dejtona razli\u010ditosto njegova tuma\u010denja, posve opre\u010dna kod suprostavlenih bh. strana. Dok je za bo\u0161nja\u010dku on bio kraj rata, druge dvije u njemu su vidjele na\u010din ostvarivanja ciljeva zbog kojih je i do\u0161lo do rata.<\/p>\n\n\n\n<p>&#8220;Ovo nije pravedan mir, ali je pravedniji od nastavka rata. U ovakvoj situaciji kao \u0161to jeste i ovakvom svijetu kakav je, bolji mir i nije mogao biti postignut&#8221;, izjavio je prije 25 godina prvi predsjednik Predsjedni\u0161tva Republike Bosne i Hercegovine rahmetli Alija Izetbegovi\u0107.<\/p>\n\n\n\n<p>Dejtonski sporazum 25 godina kasnije i od strane me\u0111unarodnih zvani\u010dnika navodi se kao manjkav, ponajvi\u0161e jer pojedine vladaju\u0107e stranke iz njega izvla\u010de sredstva za stalne blokade.<\/p>\n\n\n\n<p>Dugogodi\u0161nji bh. novinar i diplomata Hajrudin Somun uo\u010di ove godi\u0161njice identificirajao je tri najve\u0107e gre\u0161ke tog sporazuma, a to su po njemu davanje imena Republika Srpska bh. entitetu, propust za povratak izbjeglica kao i \u010dinjenica da je njegov dio Ustav BiH.<\/p>\n\n\n\n<p>On ka\u017ee kako je fatalna gre\u0161ka \u010dinjenica da je prihva\u0107eno da se u okvir sporazuma ugradi Ustav BiH koji nikada nije potpisan ili parafiran u bh. parlamentu, a u BiH on je i 25 godina poslije jo\u0161 uvijek na snazi.<\/p>\n","protected":false},"excerpt":{"rendered":"<p>Na dana\u0161nji dan, 14. decembra 1995. godine, u Parizu sve\u010dano je potpisan Dejtonski mirovni sporazum. Bosna i Hercegovina dobila je toliko \u017eeljeni mir, ali i, kako su neki kasnije rekli, lu\u0111a\u010dku ko\u0161ulju za dalji ekonomski i dru\u0161tveni razoj.Konferencija je trajala od 1. do 21. novembra 1995. godine, a glavni u\u010desnici su bili predsjednik BiH Alija [&hellip;]<\/p>\n","protected":false},"author":59,"featured_media":20923,"comment_status":"closed","ping_status":"closed","sticky":false,"template":"","format":"standard","meta":{"inline_featured_image":false,"footnotes":""},"categories":[47,38],"tags":[],"class_list":{"0":"post-20922","1":"post","2":"type-post","3":"status-publish","4":"format-standard","5":"has-post-thumbnail","7":"category-historija","8":"category-vijesti-iz-bih"},"acf":[],"_links":{"self":[{"href":"https:\/\/tvsensor.com\/api\/wp\/v2\/posts\/20922","targetHints":{"allow":["GET"]}}],"collection":[{"href":"https:\/\/tvsensor.com\/api\/wp\/v2\/posts"}],"about":[{"href":"https:\/\/tvsensor.com\/api\/wp\/v2\/types\/post"}],"author":[{"embeddable":true,"href":"https:\/\/tvsensor.com\/api\/wp\/v2\/users\/59"}],"replies":[{"embeddable":true,"href":"https:\/\/tvsensor.com\/api\/wp\/v2\/comments?post=20922"}],"version-history":[{"count":1,"href":"https:\/\/tvsensor.com\/api\/wp\/v2\/posts\/20922\/revisions"}],"predecessor-version":[{"id":20924,"href":"https:\/\/tvsensor.com\/api\/wp\/v2\/posts\/20922\/revisions\/20924"}],"wp:featuredmedia":[{"embeddable":true,"href":"https:\/\/tvsensor.com\/api\/wp\/v2\/media\/20923"}],"wp:attachment":[{"href":"https:\/\/tvsensor.com\/api\/wp\/v2\/media?parent=20922"}],"wp:term":[{"taxonomy":"category","embeddable":true,"href":"https:\/\/tvsensor.com\/api\/wp\/v2\/categories?post=20922"},{"taxonomy":"post_tag","embeddable":true,"href":"https:\/\/tvsensor.com\/api\/wp\/v2\/tags?post=20922"}],"curies":[{"name":"wp","href":"https:\/\/api.w.org\/{rel}","templated":true}]}}