{"id":20915,"date":"2020-12-13T15:53:44","date_gmt":"2020-12-13T14:53:44","guid":{"rendered":"https:\/\/senzor.ba\/?p=20915"},"modified":"2024-01-15T21:41:31","modified_gmt":"2024-01-15T20:41:31","slug":"u-gorazdu-obiljezena-godisnjica-stradanja-drinskih-mucenica","status":"publish","type":"post","link":"https:\/\/tvsensor.com\/clanak\/u-gorazdu-obiljezena-godisnjica-stradanja-drinskih-mucenica\/","title":{"rendered":"U Gora\u017edu obilje\u017eena godi\u0161njica stradanja Drinskih mu\u010denica"},"content":{"rendered":"\n<p>U Gora\u017edu je danas obilje\u017eena godi\u0161njica stradanja pet \u010dasnih sestara, bla\u017eenih Drinskih mu\u010denica. \u010casne sestre su 15. decembra 1941. godine sko\u010dile s prozora dana\u0161nje O\u0160 \u201cHusein ef. \u0110ozo\u201d u smrt, koju su svjesno izabrale umjesto gubitka \u010dasti i poni\u017eenja koje si im spremali pripadnici \u010detni\u010dkog pokreta.<\/p>\n\n\n\n<p>Ove godine obilje\u017eavanje godi\u0161njice njihovog stradanja, zbog koronavirusa, organizirano je skromnije nego prethodnih godina.<\/p>\n\n\n\n<p>U kapeli Sv. Dominik, u prisustvu nekolicine katoli\u010dnih vjernika koji su ovim povodom stigli u grad na Drini, odr\u017eana je misa u &nbsp;\u010dast Drinskih mu\u010denica koju je predvodio \u017eupnik Josip Tadi\u0107.<\/p>\n\n\n\n<p>&nbsp;&#8211; Drinske mu\u010denice su simbol stradanja u ovom kraju kroz \u010diju su \u017eivotnu i patni\u010dku sudbinu isprepletene sve nedu\u017ene \u017ertve. One su simbol stradanja svih \u017eena koje su pretrpjele sli\u010dnu ili istu sudbinu. Ovo je na\u0161e sje\u0107anje na sve njih. Ujedno je to na\u0161a molitva da se u budu\u0107nosti takvo stradanje nikada ne ponovi &#8211; kazao je \u017eupnik Tadi\u0107.<\/p>\n\n\n\n<p>Pored spomenika Drinskim mu\u010denicama izgra\u0111enog na mjestu stradanja, u neposrednoj blizini O\u0160 \u201cHusein ef.\u0110ozo\u201d, vjernici su polo\u017eili cvije\u0107e i zapalili svije\u0107e i kod spomenika ubijenoj djeci Gora\u017eda u proteklom ratu kao i spomenika na Mostu Alije Izetbegovi\u0107a, izgra\u0111enog u znak sje\u0107anja na \u017ertve Drugog svjetskog rata.<\/p>\n\n\n\n<p>&#8211; Ovim \u010dinom \u017eelimo dati pijetet svim \u017ertvama bez obzira na vjersku ili nacionalnu pripadnost. Ovim \u010dinom \u0161aljemo poruku ljudskosti, me\u0111usobne solidarnosti i zajedni\u010dkog su\u017eivota u ovom gradu i na ovim prostorima \u2013 poru\u010dio je \u017eupnik Tadi\u0107.<\/p>\n\n\n\n<p>Naglasio je da &nbsp;Gora\u017edani itekako po\u0161tuju \u017ertvu \u010dasnih sestara koje su ponos i uzor ovog grada i, kako je kazao, njegov za\u0161titni znak protiv svih nevolja i oluja.<\/p>\n\n\n\n<p>Uskoro bi u Gora\u017edu kona\u010dno nakon du\u017eeg vremena, trebala biti izgra\u0111ena i crkva Drinskih mu\u010denica, a gra\u0111evinska dozvola se o\u010dekuje do kraja ove godine.<\/p>\n\n\n\n<p>&#8211; Nadam se kako bismo na prolje\u0107e mogli zapo\u010deti gradnju crkve na\u0161ih Bla\u017eenica, a samim tim \u0107e i hodo\u010dasnici imati razlog vi\u0161e do\u0107i u na\u0161 grad. Trenutno tra\u017eimo ponude za gradnju crkve. Vjerujem kako \u0107e budu\u0107nost i otvaranje Gora\u017eda cijelom svijetu, donijeti stabilnost i sigurnu egzistenciju cijelom ovom kraju. Jedan \u010dovjek je slab i nemo\u0107an sam realizirati ovaj projekt. Stoga pozivam sve dobre ljude i gra\u0111ane ovog grada da zajedni\u010dkim snagama realiziramo ovaj projekat \u2013 kazao je \u017eupnik Josip Tadi\u0107.<\/p>\n\n\n\n<p>Sestre Berchmana Leidenix iz Austrije, Jula Ivani\u0161evi\u0107 iz Hrvatske, Krizina Bojanc i Antonija Fabjan iz Slovenije te Hrvatica ma\u0111arskoga porijekla Marija Bernadeta Banja, obavljale su svoje du\u017enosti u samostanu Marijin dom na Palama. Pet redovnica je oteto u decembru 1941. kada su u samostan upali \u010detnici. Samostan su zapalili, a pet \u010dasnih sestara zarobili i poveli ih pje\u0161ice prema Gora\u017edu po velikoj hladno\u0107i. Najstarija, 76-godi\u0161nja sestra Berchmana nije fizi\u010dki mogla izdr\u017eati put pa su je \u010detnici ubili, dok su ostale \u010detiri sestre zatvorili u kasarnu u Gora\u017edu. Nakon \u0161to su vojnici provalili u njihovu sobu sa namjerom da ih siluju one su sko\u010dile sa prozora. Njihova tijela potom su ba\u010dena u rijeku Drinu.<\/p>\n\n\n\n<p>Spomen-obilje\u017eje Drinskim mu\u010denicama, koje je Vatikan slu\u017ebeno proglasio bla\u017eenima, otvoreno je dan nakon njihove beatifikacije u sarajevskoj Zetri, 24. septembra 2011. godine. Od tada, mjesto njihovog stradanja u gradu na Drini pohode na stotine vjernika iz cijelog svijeta.<\/p>\n\n\n\n<p>Fena<\/p>\n","protected":false},"excerpt":{"rendered":"<p>U Gora\u017edu je danas obilje\u017eena godi\u0161njica stradanja pet \u010dasnih sestara, bla\u017eenih Drinskih mu\u010denica. \u010casne sestre su 15. decembra 1941. godine sko\u010dile s prozora dana\u0161nje O\u0160 \u201cHusein ef. \u0110ozo\u201d u smrt, koju su svjesno izabrale umjesto gubitka \u010dasti i poni\u017eenja koje si im spremali pripadnici \u010detni\u010dkog pokreta. Ove godine obilje\u017eavanje godi\u0161njice njihovog stradanja, zbog koronavirusa, organizirano [&hellip;]<\/p>\n","protected":false},"author":7,"featured_media":20916,"comment_status":"closed","ping_status":"closed","sticky":false,"template":"","format":"standard","meta":{"inline_featured_image":false,"footnotes":""},"categories":[37,38],"tags":[],"class_list":{"0":"post-20915","1":"post","2":"type-post","3":"status-publish","4":"format-standard","5":"has-post-thumbnail","7":"category-vijesti","8":"category-vijesti-iz-bih"},"acf":[],"_links":{"self":[{"href":"https:\/\/tvsensor.com\/api\/wp\/v2\/posts\/20915","targetHints":{"allow":["GET"]}}],"collection":[{"href":"https:\/\/tvsensor.com\/api\/wp\/v2\/posts"}],"about":[{"href":"https:\/\/tvsensor.com\/api\/wp\/v2\/types\/post"}],"author":[{"embeddable":true,"href":"https:\/\/tvsensor.com\/api\/wp\/v2\/users\/7"}],"replies":[{"embeddable":true,"href":"https:\/\/tvsensor.com\/api\/wp\/v2\/comments?post=20915"}],"version-history":[{"count":4,"href":"https:\/\/tvsensor.com\/api\/wp\/v2\/posts\/20915\/revisions"}],"predecessor-version":[{"id":20920,"href":"https:\/\/tvsensor.com\/api\/wp\/v2\/posts\/20915\/revisions\/20920"}],"wp:featuredmedia":[{"embeddable":true,"href":"https:\/\/tvsensor.com\/api\/wp\/v2\/media\/20916"}],"wp:attachment":[{"href":"https:\/\/tvsensor.com\/api\/wp\/v2\/media?parent=20915"}],"wp:term":[{"taxonomy":"category","embeddable":true,"href":"https:\/\/tvsensor.com\/api\/wp\/v2\/categories?post=20915"},{"taxonomy":"post_tag","embeddable":true,"href":"https:\/\/tvsensor.com\/api\/wp\/v2\/tags?post=20915"}],"curies":[{"name":"wp","href":"https:\/\/api.w.org\/{rel}","templated":true}]}}