{"id":20896,"date":"2020-12-13T09:09:37","date_gmt":"2020-12-13T08:09:37","guid":{"rendered":"https:\/\/senzor.ba\/?p=20896"},"modified":"2024-01-15T21:41:31","modified_gmt":"2024-01-15T20:41:31","slug":"svi-naknadno-znamo-sta-je-trebalo-uraditi-ali-nesto-se-mora-poduzeti-sada","status":"publish","type":"post","link":"https:\/\/tvsensor.com\/clanak\/svi-naknadno-znamo-sta-je-trebalo-uraditi-ali-nesto-se-mora-poduzeti-sada\/","title":{"rendered":"&#8220;Svi naknadno znamo \u0161ta je trebalo uraditi, ali ne\u0161to se mora poduzeti sada!&#8221;"},"content":{"rendered":"\n<p>U sarajevskoj Vije\u0107nici na sve\u010danoj ceremoniji uprili\u010denoj u povodu 25. godi\u0161njice potpisivanja Op\u0107eg okvirnog sporazuma za mir u Bosni i Hercegovini obratili su se mnogobrojni dr\u017eavni zvani\u010dnici iz Evrope i svijeta. Me\u0111u njima je bio i biv\u0161i visoki predstavnik u Bosni i Hercegovini Christian Schwarz-Schilling.<\/p>\n\n\n\n<p>&#8220;Svi znamo kada i za\u0161to je donesen Dejtonski mirovni sporazum i tome se nema dodati ni\u0161ta novo. Sada, 25 godina kasnije, stanje u kojem se nalazimo ne izgleda obe\u0107avaju\u0107e.\u00a0Od 1993. godine pratim situaciju u BiH i mogu samo jo\u0161 jednom ponoviti: Dejton je pretvorio Bosnu i Hercegovinu u zemlju kojom je nemogu\u0107e upravljati.\u00a0Vrlo komplicirana dr\u017eavna struktura, s nekoliko nivoa vlasti, prije 25 godina imala je za cilj za\u0161tititi interese tri najve\u0107e etni\u010dke skupine u BiH. Me\u0111utim, u praksi, BiH je zaglavljena u slijepoj ulici. Princip lokalne odgovornosti ne funkcionira, a me\u0111unarodna zajednica ne poduzima potrebne korake!&#8221;, naveo je on.<\/p>\n\n\n\n<p>Prisjetio je 1995. godine.<\/p>\n\n\n\n<p>&#8220;S obzirom da sam bio u Dejtonu, Holbrooke mi je rekao da namjera Dejtonskog mirovnog sporazuma nije bila da zadr\u017ei lo\u0161u situaciju u BiH i da takvo stanje ostane nepromijenjeno. Sporazum je trebao biti osnova za postepen napredak, uz dugoro\u010dnu perspektivu pridru\u017eivanja BiH Evropskoj uniji. Njema\u010dki diplomata Ischinger je kasnije rekao da je bila gre\u0161ka \u0161to u Sporazum nije ugra\u0111ena obaveza da se nakon tri godine izvr\u0161i revizija.\u00a0Svi naknadno znamo \u0161ta je trebalo uraditi, ali ne\u0161to se mora poduzeti sada!\u00a0Dejton je stvoren da zaustavi rat, a ne da ostane zauvijek takav kakav je!&#8221;, poruka je\u00a0Christiana Schwarz-Schillinga.<\/p>\n\n\n\n<p>Naveo je da je Dejton potrebno mijenjati jer je jasno da nije funkcionalan.<\/p>\n\n\n\n<p>&#8220;Me\u0111utim, to se do sada pokazalo nemogu\u0107im! Nijedan prijedlog amandmana nije stigao do parlamenta od \u201caprilskog paketa\u201d iz 2006. godine, jer se predstavnici tri najve\u0107e etni\u010dke grupe ne mogu dogovoriti.\u00a0Danas mnogi gra\u0111ani BiH, posebno u Federaciji, prizivaju me\u0111unarodnu pomo\u0107 za promjenu Dejtona.\u00a0Ako to spomenete u Republici Srpskoj, obi\u010dno nai\u0111ete na otpor. Lideri bosanskih Srba boje se ove ideje, jer je Republika Srpska priznata u Dejtonu kao politi\u010dki entitet. Oni ni pod kojim okolnostima ne \u017eele rizikovati da se njeno postojanje dovodi u pitanje&#8221;.<\/p>\n\n\n\n<p>Razvoj situacije u Bosni i Hercegovini prati se sa velikom pa\u017enjom u Briselu i Berlinu.<\/p>\n\n\n\n<p>&#8220;U decembru pro\u0161le godine, uva\u017eeni njema\u010dki pravnik Reinhard Priebe objavio je izvje\u0161taj za EU o stanju vladavine prava u BiH. U ovom izvje\u0161taju se nagla\u0161ava potreba za reformom pravosudnih organa BiH, provedbom presude Evropskog suda za ljudska prava i osna\u017eivanjem vladavine prava kao cjeline.\u00a0Ali sve ovo jedino mo\u017ee funkcionirati ako do\u0111e do ustavne reforme.\u00a0Za ovo je kona\u010dno potrebno pripremiti put i to zahtijeva i podr\u0161ku me\u0111unarodne zajednice.\u00a0Bosni i Hercegovini treba nova politika, sna\u017enije u\u010de\u0161\u0107e I uticaj Upravnog odbora, sna\u017enija podr\u0161ka visokom predstavniku, vi\u0161e uslovljenosti na putu implementacije i promjene dejtonskog ustava.\u00a0Bosna i Hercegovina to ne mo\u017ee uraditi sama. To je o\u010dito, treba joj pomo\u0107!&#8221;, poruka je biv\u0161eg visokog predstavnika.<\/p>\n\n\n\n<p>&#8220;Mi, me\u0111unarodna zajednica, du\u017eni smo to uraditi za Bosnu i Hercegovinu, kako bismo joj pru\u017eili pomo\u0107 oko promjene Dejtona, da joj pomognemo vi\u0161e nego \u0161to smo to \u010dinili u zadnjih&nbsp;15 godina! Ne zaboravite, jo\u0161 uvijek imamo OHR i instrumente potrebne za to. Samo to trebamo iskoristiti. To je taj potrebni korak!&#8221;.<\/p>\n\n\n\n<p>Dvadeset i pet godina od Daytona. O sporazumu koji je donio mir Bosni i Hercegovini i \u0161ta danas taj sporazum zna\u010di govore biv\u0161i visoki predstavnici, biv\u0161i i sada\u0161nji predsjednici dr\u017eava, premijeri, ministri, ambasadori.<\/p>\n\n\n\n<p>N1<\/p>\n","protected":false},"excerpt":{"rendered":"<p>U sarajevskoj Vije\u0107nici na sve\u010danoj ceremoniji uprili\u010denoj u povodu 25. godi\u0161njice potpisivanja Op\u0107eg okvirnog sporazuma za mir u Bosni i Hercegovini obratili su se mnogobrojni dr\u017eavni zvani\u010dnici iz Evrope i svijeta. Me\u0111u njima je bio i biv\u0161i visoki predstavnik u Bosni i Hercegovini Christian Schwarz-Schilling. &#8220;Svi znamo kada i za\u0161to je donesen Dejtonski mirovni sporazum [&hellip;]<\/p>\n","protected":false},"author":7,"featured_media":20897,"comment_status":"closed","ping_status":"closed","sticky":false,"template":"","format":"standard","meta":{"inline_featured_image":false,"footnotes":""},"categories":[37,38],"tags":[],"class_list":{"0":"post-20896","1":"post","2":"type-post","3":"status-publish","4":"format-standard","5":"has-post-thumbnail","7":"category-vijesti","8":"category-vijesti-iz-bih"},"acf":[],"_links":{"self":[{"href":"https:\/\/tvsensor.com\/api\/wp\/v2\/posts\/20896","targetHints":{"allow":["GET"]}}],"collection":[{"href":"https:\/\/tvsensor.com\/api\/wp\/v2\/posts"}],"about":[{"href":"https:\/\/tvsensor.com\/api\/wp\/v2\/types\/post"}],"author":[{"embeddable":true,"href":"https:\/\/tvsensor.com\/api\/wp\/v2\/users\/7"}],"replies":[{"embeddable":true,"href":"https:\/\/tvsensor.com\/api\/wp\/v2\/comments?post=20896"}],"version-history":[{"count":2,"href":"https:\/\/tvsensor.com\/api\/wp\/v2\/posts\/20896\/revisions"}],"predecessor-version":[{"id":20899,"href":"https:\/\/tvsensor.com\/api\/wp\/v2\/posts\/20896\/revisions\/20899"}],"wp:featuredmedia":[{"embeddable":true,"href":"https:\/\/tvsensor.com\/api\/wp\/v2\/media\/20897"}],"wp:attachment":[{"href":"https:\/\/tvsensor.com\/api\/wp\/v2\/media?parent=20896"}],"wp:term":[{"taxonomy":"category","embeddable":true,"href":"https:\/\/tvsensor.com\/api\/wp\/v2\/categories?post=20896"},{"taxonomy":"post_tag","embeddable":true,"href":"https:\/\/tvsensor.com\/api\/wp\/v2\/tags?post=20896"}],"curies":[{"name":"wp","href":"https:\/\/api.w.org\/{rel}","templated":true}]}}