{"id":20878,"date":"2020-12-13T08:40:38","date_gmt":"2020-12-13T07:40:38","guid":{"rendered":"https:\/\/senzor.ba\/?p=20878"},"modified":"2024-01-15T21:41:32","modified_gmt":"2024-01-15T20:41:32","slug":"biden-sad-se-vracaju-pariskom-sporazumu-o-klimi","status":"publish","type":"post","link":"https:\/\/tvsensor.com\/clanak\/biden-sad-se-vracaju-pariskom-sporazumu-o-klimi\/","title":{"rendered":"Biden: SAD se vra\u0107aju Pariskom sporazumu o klimi"},"content":{"rendered":"\n<p>Novoizabrani ameri\u010dki predsjednik Joseph Biden najavio je da \u0107e se SAD prvog dana njegovog mandata ponovo pridru\u017eiti Pariskom sporazumu o klimi, u trenutku kada lideri dr\u017eava obilje\u017eavaju petu godi\u0161njicu tog me\u0111unarodnog pakta \u010diji je cilj obuzdavanje klimatskih promjena.<\/p>\n\n\n\n<p>Lideri vi\u0161e od 70 zemalja okupili su se danas putem video veze da obe\u0107aju preduzimanje ve\u0107ih napora na smanjenju emisije \u0161tetnih gasova sa efektom staklene ba\u0161te koji doprinose globalnom zagrijavanju.<br><br>Doma\u0107ini godi\u0161njice potpisivanja sporazuma su Francuska, Velika Britanija, Italija, \u010cile i Ujedinjene nacije.<br><br>SAD, koje je odlaze\u0107i predsjednik Donald Trump izvukao iz sporazuma 2018. godine, nisu predstavljene na skupu na dr\u017eavnom nivou.<br><br>Biden je danas naveo da su SAD imale klju\u010dnu ulogu u postizanju Pariskog sporazuma o klimi iz 2015. godine, koji su od tada ratifikovale gotovo sve zemlje svijeta.<br><br>&#8220;SAD \u0107e se ponovo pridru\u017eiti Pariskom sporazumu o klimi prvog dana mog mandata. Sa kolegama \u0161irom svijeta odmah \u0107u po\u010deti da sara\u0111ujem da u\u010dinimo sve \u0161to je u na\u0161oj mo\u0107i, uklju\u010duju\u0107i okupljanje lidera najve\u0107ih ekonomija na samitu o klimi tokom prvih 100 dana mog mandata&#8221;,\u00a0naveo je Biden.<br><br>On je ponovio obe\u0107anja iz predizborne kampanje da \u0107e njegova administracija postaviti kao cilj da emisija \u0161tetnih gasova u SAD bude smanjenja na nulu\u00a0&#8220;ne kasnije od 2050. godine&#8221;.<br><br>Stru\u010dnjaci navode da je djelovanje dr\u017eava u posljednjih pet godina dovelo do pobolj\u0161anja dugoro\u010dnih izgleda za obuzdavanje klimatskih promjena i da je najcrnji razvoj situacije do kraja vijeka postao manje vjerovatan.<br><br>Me\u0111utim, po\u017eari u Amazonu, Australiji i Americi, poplave u Banglade\u0161u i Isto\u010dnoj Africi, kao i rekordne temperature na Arktiku, stavile su u prvi plan uticaj koji na planetu ima pove\u0107anje od 1,2 stepena Celzijusa u odnosu na predindustrijska vremena.<br><br>Cilj Pariskog sporazuma o klimi je da se globalno zagrijavanje zadr\u017ei do kraja vijeka znatno ispod dva stepena Celzijusa, a idealno na najvi\u0161e 1,5 stepeni.<\/p>\n\n\n\n<p>Beta <\/p>\n","protected":false},"excerpt":{"rendered":"<p>Novoizabrani ameri\u010dki predsjednik Joseph Biden najavio je da \u0107e se SAD prvog dana njegovog mandata ponovo pridru\u017eiti Pariskom sporazumu o klimi, u trenutku kada lideri dr\u017eava obilje\u017eavaju petu godi\u0161njicu tog me\u0111unarodnog pakta \u010diji je cilj obuzdavanje klimatskih promjena. Lideri vi\u0161e od 70 zemalja okupili su se danas putem video veze da obe\u0107aju preduzimanje ve\u0107ih napora [&hellip;]<\/p>\n","protected":false},"author":7,"featured_media":20879,"comment_status":"closed","ping_status":"closed","sticky":false,"template":"","format":"standard","meta":{"inline_featured_image":false,"footnotes":""},"categories":[443],"tags":[],"class_list":{"0":"post-20878","1":"post","2":"type-post","3":"status-publish","4":"format-standard","5":"has-post-thumbnail","7":"category-ekologija"},"acf":[],"_links":{"self":[{"href":"https:\/\/tvsensor.com\/api\/wp\/v2\/posts\/20878","targetHints":{"allow":["GET"]}}],"collection":[{"href":"https:\/\/tvsensor.com\/api\/wp\/v2\/posts"}],"about":[{"href":"https:\/\/tvsensor.com\/api\/wp\/v2\/types\/post"}],"author":[{"embeddable":true,"href":"https:\/\/tvsensor.com\/api\/wp\/v2\/users\/7"}],"replies":[{"embeddable":true,"href":"https:\/\/tvsensor.com\/api\/wp\/v2\/comments?post=20878"}],"version-history":[{"count":2,"href":"https:\/\/tvsensor.com\/api\/wp\/v2\/posts\/20878\/revisions"}],"predecessor-version":[{"id":20881,"href":"https:\/\/tvsensor.com\/api\/wp\/v2\/posts\/20878\/revisions\/20881"}],"wp:featuredmedia":[{"embeddable":true,"href":"https:\/\/tvsensor.com\/api\/wp\/v2\/media\/20879"}],"wp:attachment":[{"href":"https:\/\/tvsensor.com\/api\/wp\/v2\/media?parent=20878"}],"wp:term":[{"taxonomy":"category","embeddable":true,"href":"https:\/\/tvsensor.com\/api\/wp\/v2\/categories?post=20878"},{"taxonomy":"post_tag","embeddable":true,"href":"https:\/\/tvsensor.com\/api\/wp\/v2\/tags?post=20878"}],"curies":[{"name":"wp","href":"https:\/\/api.w.org\/{rel}","templated":true}]}}