{"id":20874,"date":"2020-12-13T07:58:17","date_gmt":"2020-12-13T06:58:17","guid":{"rendered":"https:\/\/senzor.ba\/?p=20874"},"modified":"2024-01-15T21:41:32","modified_gmt":"2024-01-15T20:41:32","slug":"nedostaci-dejtonskog-sporazuma-mogu-i-moraju-biti-promijenjeni","status":"publish","type":"post","link":"https:\/\/tvsensor.com\/clanak\/nedostaci-dejtonskog-sporazuma-mogu-i-moraju-biti-promijenjeni\/","title":{"rendered":"&#8220;Nedostaci Dejtonskog sporazuma mogu i moraju biti promijenjeni&#8221;"},"content":{"rendered":"\n<p>Dejtonski mirovni sporazum ispunio svoju prvobitnu zada\u0107u, o\u010duvao je mir. Nedostaci sporazuma moraju i mogu biti popravljeni, poru\u010deno je ve\u010deras u sarajevskoj Vije\u0107nici na sve\u010danoj ceremoniji uprili\u010denoj u povodu 25. godi\u0161njice potpisivanja Op\u0107eg okvirnog sporazuma za mir u Bosni i Hercegovini.<\/p>\n\n\n\n<p>Na samom po\u010detku programa Kamerni orkestar Sarajevske filharmonije je, u povodu 25 godina od potpisivanja Dejtonskog sporazuma, izveo 25. simfoniju Wolfganga Amadeusa Mozarta.<\/p>\n\n\n\n<p>Inzko: Dayton je omogu\u0107io dvije stvari, a to su mir i jedna BiH<\/p>\n\n\n\n<p>Visoki predstavnik u BiH Valentin Inzko podsjetio je kako je nakon oko 30 poku\u0161aja da se zaustavi rat, tek Dejtonski sporazum donio uspjeh i mir u BiH.<\/p>\n\n\n\n<p>Uputiv\u0161i \u010destitku svim gra\u0111anima BiH u povodu 25. godi\u0161njice od potpisivanja Dejtonskog sporazuma, Inzko je kazao kako je Dayton omogu\u0107io dvije stvari, a to su mir i jednu BiH.<\/p>\n\n\n\n<p>\u201cImamo jednu BiH za sve, gdje ima mjesta za sve. A kao \u0161to znate, kad \u010deljad nisu bijesna, ni ku\u0107a nije tijesna. Mir je samo po\u010detak, trebamo zajedno graditi dalje, tu smo svi da to u\u010dinimo\u201d, poru\u010dio je Inzko.<\/p>\n\n\n\n<p>&#8211; Turkovi\u0107: Sna\u017enije raditi da BiH postane moderna i prosperitetna evropska zemlja &#8211;<\/p>\n\n\n\n<p>Ministrica vanjskih poslova BiH Bisera Turkovi\u0107 kazala je kako je prije 25 godina u Parizu potpisan sporazum koji je prekinuo najve\u0107e stradanje ljudi na evropskom tlu nakon Drugog svjetskog rata.<\/p>\n\n\n\n<p>Turkovi\u0107 je kazala kako je u proteklih 25 godina, uz pomo\u0107 me\u0111unarodne zajednice, u\u010dinjeno mnogo i mo\u017ee se slobodno re\u0107i da je Dejtonski mirovni sporazum velikim dijelom ispunio svoju prvobitnu zada\u0107u, o\u010duvao je mir.<\/p>\n\n\n\n<p>\u201cBiH danas se nalazi na razme\u0111i izme\u0111u te\u0161ke pro\u0161losti i bolje budu\u0107nosti. Raduje nas anga\u017eman na\u0161ih prijatelja koji ula\u017eu napore kako bi na\u0161a zemlja nastavila integracijske procese koje smo usvojili kroz na\u0161e strate\u0161ke dokumente. \u017delim i da se obave\u017eemo da \u0107emo jo\u0161 vi\u0161e i sna\u017enije raditi kako bi BiH postala moderna i prosperitetna evropska zemlja u kojoj \u0107e svi gra\u0111ani imati jednaka prava i jednake mogu\u0107nosti\u201d, zaklju\u010dila je Turkovi\u0107.<\/p>\n\n\n\n<p>&#8211; Nelson: Vrijeme je za korake klju\u010dne za budu\u0107nost BiH &#8211;<\/p>\n\n\n\n<p>Ambasador Sjedinjenih Ameri\u010dkih Dr\u017eava u BiH Eric Nelson rekao je kako je kako je primarni cilj Daytona bio okvir kojim je postavljen temelj mira i osigurao put do pomirenja kako BiH postala funkcionalno demokratsko dru\u0161tvo.<\/p>\n\n\n\n<p>\u201cOdr\u017eao je mir i omogu\u0107io BiH da krene putem ka EU-u, ali sada je vrijeme da se naprave naredni koraci, klju\u010dni za budu\u0107nost. Kako bismo to uradili moramo unaprijediti sporazum jer namjena nikad nije bila da bude vje\u010dan. Njegovi nedostaci moraju i mogu biti popravljeni\u201d, rekao je Nelson.<\/p>\n\n\n\n<p>Dalje je rekao kako mladi ljudi u BiH, koji su istinska snaga ove zemlje, ne \u017eele i dalje biti zarobljeni u pro\u0161losti, te kako je njima daleko va\u017enija BiH 2030. godine od BiH 1995.<\/p>\n\n\n\n<p>\u201cGra\u0111ani saslu\u017euju svjetliju budu\u0107nost u stabilnoj, prosperitetnoj i demokratskoj BiH, \u010dlanici evroatlanske zajednice. SAD \u0107e iz dana u dan podr\u017eavati njihova zalaganja da ovu viziju pretvore u stvarnost\u201d, zaklju\u010dio je Nelson.<\/p>\n\n\n\n<p>\u0160ef Delegacije Evropske unije u BiH i specijalni predstavnika EU-a Johan Sattler kazao je da je danas, kada slavimo 25 godina mira, krajnje vrijeme da pri\u010damo o boljoj sada\u0161njosti i budu\u0107nosti.<\/p>\n\n\n\n<p>\u201cKao \u0161to je i Helmut Kohl rekao tokom potpisivanja,, \u2018mir mora biti vi\u0161e od odsustva rata\u2019, on mora biti vi\u0161e od onoga kako se ovdje ka\u017ee \u2018samo neka ne puca\u2019. Gra\u0111ani zaslu\u017euju i tra\u017ee \u017eivot bez straha, bez siroma\u0161tva i stalnih politi\u010dkih kriza\u201d, poru\u010dio je Sattler.<\/p>\n\n\n\n<p>&#8211; Cavusoglu: Cijenimo na\u0161e razli\u010ditosti, one su na\u0161e bogatstvo &#8211;<\/p>\n\n\n\n<p>Ministar vanjskih poslova Turske Mevlut Cavusloglu kazao je kako je Dejtonski sporazum donio toliko potreban mir ljudima BiH nakon godina \u017eestokih sukoba, te kako su njime okon\u010dani rat i genocid u BiH. Poru\u010dio je kako su cjelovitost, jedinstvo i suverenitet BiH od krucijalne va\u017enosti za Tursku. Tako\u0111er su klju\u010dni elementi za odr\u017eavanje mira na Balkanu i \u0161ire.<\/p>\n\n\n\n<p>Naglasio je kako njegova zemlja istovremeno podr\u017eava napredak BiH na putu evroatlantskih integracija.<\/p>\n\n\n\n<p>\u201cPostignu\u0107a Daytona su izuzetna. Ipak, mnoge stvari su se promijenile tokom zadnjeg \u010detvrt stolje\u0107a. Zato se moramo prilagoditi novim realnostima. Mora postojati sistem koji bolje funkcioni\u0161e i koji \u0107e unaprijediti dobrobit svih gra\u0111ana BiH. Dok gledamo u budu\u0107nost ne trebamo zaboraviti pro\u0161lost. Patnja nevinih ljudi tokom opsade Sarajeva i genocida u Srebrenici su jo\u0161 uvijek u svje\u017eem sje\u0107anju\u201d, rekao je Cavusoglu.<\/p>\n\n\n\n<p>Podvukao je kako pravda i mir idu zajedno, te kako jezik mr\u017enje, netolerancije, kulturne i etni\u010dke podjele ili ultarnacinolizam ne donose ni\u0161ta osim patnje.<\/p>\n\n\n\n<p>\u201cTrebamo cijeniti svoje kulturolo\u0161ke razli\u010ditosti. One su na\u0161e bogatstvo. Po\u0161tovanje drugog je klju\u010d za miroljubiv su\u017eivot. To se ne odnosi samo na Balkan ve\u0107 na \u0161ire podru\u010dje Evrope i cijelog svijeta\u201d, poru\u010dio je Cavusoglu, zaklju\u010div\u0161i svoju poruku rije\u010dima: \u201cBudu\u0107nost je lak\u0161a kad smo zajedno.\u201d<\/p>\n\n\n\n<p>&#8211; Poruke brojnih dr\u017eavnika &#8211;<\/p>\n\n\n\n<p>Nakon obra\u0107anja na sve\u010danosti u Vije\u0107nici pu\u0161tene su videoporuke koje su uputili brojni svjetski dr\u017eavnici, me\u0111u kojima biv\u0161i predsjednik SAD-a Bill Clinton, ministar vanjskih poslova Francuske Le Drian, generalni sekretar Ujedinjenih nacija Antonio Guterres, generalna sekretarka Vije\u0107a Evrope Marija Pej\u010dinovi\u0107 Buri\u0107, generalni sekretar NATO-a Jens Stoltenberg, premijer Albanije i predsjedavaju\u0107i OSCE-a Edi Rama, predsjednik Austrije Alexander Van der Bellen, predsjednik Slovenije Borut Pahor, premijer \u0160panije Pedro Sanchez, visoki predstavnik Unije za vanjske poslove i sigurnosnu politiku Josep Borrell, ministar vanjskih poslova Njema\u010dke Heiko Mass, ministar vanjskih poslova Holandije Stef Blok.<\/p>\n\n\n\n<p>Prije 25 godina, u vojnoj bazi Wright-Petterson u gradi\u0107u Daytonu, ameri\u010dkoj dr\u017eavi Ohio, parafiran je Op\u0107i okvirni sporazum za mir u Bosni i Hercegovini, poznatiji kao Dejtonski mirovni sporazum.<\/p>\n\n\n\n<p>Ovim dokumentom slu\u017ebeno je okon\u010dan skoro \u010detverogodi\u0161nji rat, a Bosna i Hercegovina je ustrojena kao dr\u017eava tri konstitutivna naroda i ostalih, i dva entiteta \u2013 Federacije BiH i Republike Srpske.<\/p>\n\n\n\n<p>Glavni akteri mirovnih pregovora bili su u kona\u010dnici i potpisnici Dejtonskog sporazuma \u2013 predsjednik RBiH Alija Izetbegovi\u0107, predsjednik Hrvatske Franjo Tu\u0111man te srbijanski predsjednik Slobodan Milo\u0161evi\u0107, 14. decembra 1995. godine u Elizejskoj palati u Parizu. Sve tri dr\u017eave nastale su raspadom Socijalisti\u010dke Federativne Republike Jugoslavije.<\/p>\n\n\n\n<p>AA<\/p>\n","protected":false},"excerpt":{"rendered":"<p>Dejtonski mirovni sporazum ispunio svoju prvobitnu zada\u0107u, o\u010duvao je mir. Nedostaci sporazuma moraju i mogu biti popravljeni, poru\u010deno je ve\u010deras u sarajevskoj Vije\u0107nici na sve\u010danoj ceremoniji uprili\u010denoj u povodu 25. godi\u0161njice potpisivanja Op\u0107eg okvirnog sporazuma za mir u Bosni i Hercegovini. Na samom po\u010detku programa Kamerni orkestar Sarajevske filharmonije je, u povodu 25 godina od [&hellip;]<\/p>\n","protected":false},"author":7,"featured_media":20875,"comment_status":"closed","ping_status":"closed","sticky":false,"template":"","format":"standard","meta":{"inline_featured_image":false,"footnotes":""},"categories":[37,38],"tags":[],"class_list":{"0":"post-20874","1":"post","2":"type-post","3":"status-publish","4":"format-standard","5":"has-post-thumbnail","7":"category-vijesti","8":"category-vijesti-iz-bih"},"acf":[],"_links":{"self":[{"href":"https:\/\/tvsensor.com\/api\/wp\/v2\/posts\/20874","targetHints":{"allow":["GET"]}}],"collection":[{"href":"https:\/\/tvsensor.com\/api\/wp\/v2\/posts"}],"about":[{"href":"https:\/\/tvsensor.com\/api\/wp\/v2\/types\/post"}],"author":[{"embeddable":true,"href":"https:\/\/tvsensor.com\/api\/wp\/v2\/users\/7"}],"replies":[{"embeddable":true,"href":"https:\/\/tvsensor.com\/api\/wp\/v2\/comments?post=20874"}],"version-history":[{"count":2,"href":"https:\/\/tvsensor.com\/api\/wp\/v2\/posts\/20874\/revisions"}],"predecessor-version":[{"id":20877,"href":"https:\/\/tvsensor.com\/api\/wp\/v2\/posts\/20874\/revisions\/20877"}],"wp:featuredmedia":[{"embeddable":true,"href":"https:\/\/tvsensor.com\/api\/wp\/v2\/media\/20875"}],"wp:attachment":[{"href":"https:\/\/tvsensor.com\/api\/wp\/v2\/media?parent=20874"}],"wp:term":[{"taxonomy":"category","embeddable":true,"href":"https:\/\/tvsensor.com\/api\/wp\/v2\/categories?post=20874"},{"taxonomy":"post_tag","embeddable":true,"href":"https:\/\/tvsensor.com\/api\/wp\/v2\/tags?post=20874"}],"curies":[{"name":"wp","href":"https:\/\/api.w.org\/{rel}","templated":true}]}}