{"id":20866,"date":"2020-12-12T21:07:17","date_gmt":"2020-12-12T20:07:17","guid":{"rendered":"https:\/\/senzor.ba\/?p=20866"},"modified":"2024-01-15T21:41:32","modified_gmt":"2024-01-15T20:41:32","slug":"kamp-lipa-zatvara-se-16-decembra-gdje-ce-migranti-poslije","status":"publish","type":"post","link":"https:\/\/tvsensor.com\/clanak\/kamp-lipa-zatvara-se-16-decembra-gdje-ce-migranti-poslije\/","title":{"rendered":"Kamp Lipa zatvara se 16. decembra &#8211; gdje \u0107e migranti poslije?"},"content":{"rendered":"\n<p>Privremeni migrantski kamp Lipa kod Biha\u0107a u kojem boravi oko hiljadu i po&nbsp;migranata nije osposobljen za zimski period. Ugovor za kori\u0161tenje centra&nbsp;istekao je prije dva dana. I dok iz IOM-a najavljuju povla\u010denje iz ovog&nbsp;kampa, nadle\u017eni u na\u0161oj zemlji \u0161ute.<\/p>\n\n\n\n<p>Zima je pred vratima, a smje\u0161taj migranata, ni ove godine, nije rije\u0161en. Iz IOM-a su potvrdili da se kamp Lipa zatvara 16. decembra. Ukoliko vlasti u Bosni i Hercegovini ne na\u0111u adekvatno rje\u0161enje, hiljadu i po migranata zavr\u0161it \u0107e na ulicama.<\/p>\n\n\n\n<p>&#8220;\u010ceka se sjednica Vije\u0107a ministara BiH zakazana za 15.12. O ishodu te sjednice i zaklju\u010dcima sa sjednice ovisi i budu\u0107nost ovih ljudi ovdje, ali mi svakako bez obzira na sve zavr\u0161avamo i 16.12. stavljamo klju\u010d u bravu&#8221;, ka\u017ee Nata\u0161a Omerovi\u0107, upraviteljica &#8216;Lipe&#8217;.<\/p>\n\n\n\n<p>I dok se \u010deka spas u zadnji \u010das, nadle\u017eni \u0161ute, a humanitarna kriza prijeti Unsko-sanskom kantonu. Gotovo je nevjerovatno da se i tre\u0107u zimu zaredom ponavlja isti scenarij u Krajini. I migranti koje smo danas sreli ispred &#8216;Lipe&#8217; tako\u0111er \u010dekaju odgovor na pitanje kuda i kako dalje?<\/p>\n\n\n\n<p>&#8220;Mo\u017eda \u0107emo oti\u0107i u Sarajevo, pa \u0107emo se kasnije vratiti ovdje u Biha\u0107 poslije zime i opet na gejm&#8221;, ka\u017ee Pakistanac Rizah Ali.<\/p>\n\n\n\n<p>Sli\u010dno ka\u017ee i Iman Amini, migrant iz Iraka: &#8220;Ne znam, poslije \u0107emo u Biru ili druge kampove&#8221;.<\/p>\n\n\n\n<p>Iako se ve\u0107 du\u017ee vremena govori o tome da \u0107e se migranti ponovo vratiti u Biru, stav lokalnih i kantonalnih vlasti i dalje je isti &#8211; Bira nikada ne\u0107e biti otvorena. A gdje \u0107e i ho\u0107e li uop\u0107e biti formiran novi kamp za prihvat migranata &#8211; ostaje neizvjesno. Jedina nada ovih ljudi ovdje je da se sljede\u0107e sedmice na\u0111u na dnevnom redu sjednice Vije\u0107a ministara BiH.<\/p>\n\n\n\n<p>federalna.ba<\/p>\n","protected":false},"excerpt":{"rendered":"<p>Privremeni migrantski kamp Lipa kod Biha\u0107a u kojem boravi oko hiljadu i po&nbsp;migranata nije osposobljen za zimski period. Ugovor za kori\u0161tenje centra&nbsp;istekao je prije dva dana. I dok iz IOM-a najavljuju povla\u010denje iz ovog&nbsp;kampa, nadle\u017eni u na\u0161oj zemlji \u0161ute. Zima je pred vratima, a smje\u0161taj migranata, ni ove godine, nije rije\u0161en. Iz IOM-a su potvrdili [&hellip;]<\/p>\n","protected":false},"author":7,"featured_media":20867,"comment_status":"closed","ping_status":"closed","sticky":false,"template":"","format":"standard","meta":{"inline_featured_image":false,"footnotes":""},"categories":[37,38],"tags":[],"class_list":{"0":"post-20866","1":"post","2":"type-post","3":"status-publish","4":"format-standard","5":"has-post-thumbnail","7":"category-vijesti","8":"category-vijesti-iz-bih"},"acf":[],"_links":{"self":[{"href":"https:\/\/tvsensor.com\/api\/wp\/v2\/posts\/20866","targetHints":{"allow":["GET"]}}],"collection":[{"href":"https:\/\/tvsensor.com\/api\/wp\/v2\/posts"}],"about":[{"href":"https:\/\/tvsensor.com\/api\/wp\/v2\/types\/post"}],"author":[{"embeddable":true,"href":"https:\/\/tvsensor.com\/api\/wp\/v2\/users\/7"}],"replies":[{"embeddable":true,"href":"https:\/\/tvsensor.com\/api\/wp\/v2\/comments?post=20866"}],"version-history":[{"count":2,"href":"https:\/\/tvsensor.com\/api\/wp\/v2\/posts\/20866\/revisions"}],"predecessor-version":[{"id":20869,"href":"https:\/\/tvsensor.com\/api\/wp\/v2\/posts\/20866\/revisions\/20869"}],"wp:featuredmedia":[{"embeddable":true,"href":"https:\/\/tvsensor.com\/api\/wp\/v2\/media\/20867"}],"wp:attachment":[{"href":"https:\/\/tvsensor.com\/api\/wp\/v2\/media?parent=20866"}],"wp:term":[{"taxonomy":"category","embeddable":true,"href":"https:\/\/tvsensor.com\/api\/wp\/v2\/categories?post=20866"},{"taxonomy":"post_tag","embeddable":true,"href":"https:\/\/tvsensor.com\/api\/wp\/v2\/tags?post=20866"}],"curies":[{"name":"wp","href":"https:\/\/api.w.org\/{rel}","templated":true}]}}