{"id":20851,"date":"2020-12-12T14:57:42","date_gmt":"2020-12-12T13:57:42","guid":{"rendered":"https:\/\/senzor.ba\/?p=20851"},"modified":"2024-01-15T21:41:32","modified_gmt":"2024-01-15T20:41:32","slug":"mostar-obiljezena-79-godisnjica-protesta-zena-antifasistkinja","status":"publish","type":"post","link":"https:\/\/tvsensor.com\/clanak\/mostar-obiljezena-79-godisnjica-protesta-zena-antifasistkinja\/","title":{"rendered":"Mostar: Obilje\u017eena 79. godi\u0161njica protesta \u017eena-antifa\u0161istkinja"},"content":{"rendered":"\n<p>U Mostaru je danas simboli\u010dno obilje\u017eena 79. godi\u0161njica velikog protesta \u017eena-antifa\u0161istkinja Mostara pod nazivom \u201eViktorija\u201c, koje su u decembru 1941. godine digle su svoj glas protiv tada lo\u0161e opskrbe grada hranom.\u00a0<\/p>\n\n\n\n<p>Pod tada\u0161njom italijanskom vojnom okupacijom vladala je glad, a me\u0111u stanovni\u0161tvom Mostara \u017eelja za socijalnim pravima i slobodom.<\/p>\n\n\n\n<p>Prigodnim performansom na mostarskoj Tepi, \u017eeljelo se podsjetiti na hrabrost \u017eena, pretpostavlja se radnica Fabrike duhana, koje su prije 79 godina digle svoj glas uputiv\u0161i protestno  pismo. Potom su do\u0161le na gradsku pijacu na kojoj je tada jedina namirnica bila repa.<\/p>\n\n\n\n<p>U okviru obilje\u017eavanja godi\u0161njice glumci Mostarskog teatra mladih izveli su odlomak iz predstave \u201eSan o slobodi\u201c, nastaloj na osnovi svjedo\u010danstava iz pisama, koja su antifa\u0161isti iz logora i tamnica pisali svojim porodicama.<\/p>\n\n\n\n<p>\u201eOva predstava govori o tome da nebitno da li ste bili mu\u0161karac ili \u017eena, u Drugom svjetskom ratu ste pretrpjeli mnogo jer fa\u0161izam nije gledao na spol, sva\u0161ta se izde\u0161avalo u tom vremenu. Tu su i pri\u010de \u017eena, koje su mu\u010dene u Jasenovcu. Ovo je jedna predstava, koja se mora \u010de\u0161\u0107e igrati da bi ljudi bili svjesni kakvu pro\u0161lost smo imali, kakvu pro\u0161lost nosimo i na\u017ealost pro\u017eivljavamo i danas\u201c, kazao je glumac Mostarskog teatra mladih Sabahudin Gluhovi\u0107.<\/p>\n\n\n\n<p>\u201eTrebalo bi \u0161to vi\u0161e stanovnika ovoga grada i \u010ditave BiH da njeguje antifa\u0161izam, jer je on po meni, a vjerujem i po drugima, jedini spas da postanemo jedno dru\u0161tvo koje \u0107e biti naprednije i bolje\u201c, poru\u010dio je \u010dlan UABNOR-a Mostar Ahmet Kukrica.<\/p>\n\n\n\n<p>\u010clanovi Udru\u017eenja antifa\u0161ista i boraca NOR-a su nakon \u0161etnje ulicama Mostara, posjetili i Partizansko spomen groblje, polo\u017eiv\u0161i cvije\u0107e na nadgrobnim plo\u010dama \u017eena poginulih u Drugom svjetskom ratu.&nbsp;<\/p>\n\n\n\n<p>federalna.ba<\/p>\n","protected":false},"excerpt":{"rendered":"<p>U Mostaru je danas simboli\u010dno obilje\u017eena 79. godi\u0161njica velikog protesta \u017eena-antifa\u0161istkinja Mostara pod nazivom \u201eViktorija\u201c, koje su u decembru 1941. godine digle su svoj glas protiv tada lo\u0161e opskrbe grada hranom.\u00a0 Pod tada\u0161njom italijanskom vojnom okupacijom vladala je glad, a me\u0111u stanovni\u0161tvom Mostara \u017eelja za socijalnim pravima i slobodom. Prigodnim performansom na mostarskoj Tepi, \u017eeljelo [&hellip;]<\/p>\n","protected":false},"author":7,"featured_media":20852,"comment_status":"closed","ping_status":"closed","sticky":false,"template":"","format":"standard","meta":{"inline_featured_image":false,"footnotes":""},"categories":[37,38],"tags":[],"class_list":{"0":"post-20851","1":"post","2":"type-post","3":"status-publish","4":"format-standard","5":"has-post-thumbnail","7":"category-vijesti","8":"category-vijesti-iz-bih"},"acf":[],"_links":{"self":[{"href":"https:\/\/tvsensor.com\/api\/wp\/v2\/posts\/20851","targetHints":{"allow":["GET"]}}],"collection":[{"href":"https:\/\/tvsensor.com\/api\/wp\/v2\/posts"}],"about":[{"href":"https:\/\/tvsensor.com\/api\/wp\/v2\/types\/post"}],"author":[{"embeddable":true,"href":"https:\/\/tvsensor.com\/api\/wp\/v2\/users\/7"}],"replies":[{"embeddable":true,"href":"https:\/\/tvsensor.com\/api\/wp\/v2\/comments?post=20851"}],"version-history":[{"count":2,"href":"https:\/\/tvsensor.com\/api\/wp\/v2\/posts\/20851\/revisions"}],"predecessor-version":[{"id":20854,"href":"https:\/\/tvsensor.com\/api\/wp\/v2\/posts\/20851\/revisions\/20854"}],"wp:featuredmedia":[{"embeddable":true,"href":"https:\/\/tvsensor.com\/api\/wp\/v2\/media\/20852"}],"wp:attachment":[{"href":"https:\/\/tvsensor.com\/api\/wp\/v2\/media?parent=20851"}],"wp:term":[{"taxonomy":"category","embeddable":true,"href":"https:\/\/tvsensor.com\/api\/wp\/v2\/categories?post=20851"},{"taxonomy":"post_tag","embeddable":true,"href":"https:\/\/tvsensor.com\/api\/wp\/v2\/tags?post=20851"}],"curies":[{"name":"wp","href":"https:\/\/api.w.org\/{rel}","templated":true}]}}