{"id":20696,"date":"2020-12-10T16:59:48","date_gmt":"2020-12-10T15:59:48","guid":{"rendered":"https:\/\/senzor.ba\/?p=20696"},"modified":"2024-01-15T21:41:37","modified_gmt":"2024-01-15T20:41:37","slug":"skinuta-ploca-s-karadzicevim-imenom-sa-zgrade-studentskog-centra-na-palama","status":"publish","type":"post","link":"https:\/\/tvsensor.com\/clanak\/skinuta-ploca-s-karadzicevim-imenom-sa-zgrade-studentskog-centra-na-palama\/","title":{"rendered":"Skinuta plo\u010da s Karad\u017ei\u0107evim imenom sa zgrade Studentskog centra na Palama"},"content":{"rendered":"\n<p>Plo\u010da na kojoj je stajalo ime presu\u0111enog ratnog zlo\u010dinca Radovana Karad\u017ei\u0107a, a prema kojem je nazvan Studentski dom na Palama, skinuta je sa zgrade ove ustanove, potvrdili su brojni mediji.<\/p>\n\n\n\n<p>Kako je navedeno, skidanje plo\u010de dogodilo se samo nekoliko sati nakon \u0161to je k\u0107erka Radovana Karad\u017ei\u0107a kazala da bi plo\u010du trebalo skinuti, te je kao razloge navela da je to &#8220;zloupotreba imena njenog oca&#8221;, da je cijela pri\u010da u vezi sa plo\u010dom ispolitizirana i da ona ne treba stajati tu iz inata.\u00a0<\/p>\n\n\n\n<p>Prema pisanju BN TV-a, plo\u010du su uklonili domari \u0161kole, a prema nalogu direktora Studentskog doma Damjana \u0160kipine.<\/p>\n\n\n\n<p>Podsje\u0107amo, cijeli proces dogodio se nakon brojnih pritisaka koji su bili usmjereni na predsjedavaju\u0107eg Predsjedni\u0161tva BiH Milorada Dodika, upravo zbog ove plo\u010de, a jedan od glavnih razloga bila je izjava visokog predstavnika u BiH Valentina Inzka, koji je ranije kazao kako \u0107e tra\u017eiti zabranu ulaska u zemlje Europske unije za Dodika, ukoliko ovaj slu\u010daj ne bude razrije\u0161en i ukoliko plo\u010da ne bude uklonjena.<\/p>\n\n\n\n<p>Samu plo\u010du na Studentski dom na Palama Milorad Dodik i njegova supruga, u prisustvu k\u0107erke i supruge Radovana Karad\u017ei\u0107a, postavili su 2016. godine, uo\u010di lokalnih izbora.<\/p>\n\n\n\n<p>federalna.ba<\/p>\n","protected":false},"excerpt":{"rendered":"<p>Plo\u010da na kojoj je stajalo ime presu\u0111enog ratnog zlo\u010dinca Radovana Karad\u017ei\u0107a, a prema kojem je nazvan Studentski dom na Palama, skinuta je sa zgrade ove ustanove, potvrdili su brojni mediji. Kako je navedeno, skidanje plo\u010de dogodilo se samo nekoliko sati nakon \u0161to je k\u0107erka Radovana Karad\u017ei\u0107a kazala da bi plo\u010du trebalo skinuti, te je kao [&hellip;]<\/p>\n","protected":false},"author":7,"featured_media":20697,"comment_status":"closed","ping_status":"closed","sticky":false,"template":"","format":"standard","meta":{"inline_featured_image":false,"footnotes":""},"categories":[37,38],"tags":[],"class_list":{"0":"post-20696","1":"post","2":"type-post","3":"status-publish","4":"format-standard","5":"has-post-thumbnail","7":"category-vijesti","8":"category-vijesti-iz-bih"},"acf":[],"_links":{"self":[{"href":"https:\/\/tvsensor.com\/api\/wp\/v2\/posts\/20696","targetHints":{"allow":["GET"]}}],"collection":[{"href":"https:\/\/tvsensor.com\/api\/wp\/v2\/posts"}],"about":[{"href":"https:\/\/tvsensor.com\/api\/wp\/v2\/types\/post"}],"author":[{"embeddable":true,"href":"https:\/\/tvsensor.com\/api\/wp\/v2\/users\/7"}],"replies":[{"embeddable":true,"href":"https:\/\/tvsensor.com\/api\/wp\/v2\/comments?post=20696"}],"version-history":[{"count":2,"href":"https:\/\/tvsensor.com\/api\/wp\/v2\/posts\/20696\/revisions"}],"predecessor-version":[{"id":20699,"href":"https:\/\/tvsensor.com\/api\/wp\/v2\/posts\/20696\/revisions\/20699"}],"wp:featuredmedia":[{"embeddable":true,"href":"https:\/\/tvsensor.com\/api\/wp\/v2\/media\/20697"}],"wp:attachment":[{"href":"https:\/\/tvsensor.com\/api\/wp\/v2\/media?parent=20696"}],"wp:term":[{"taxonomy":"category","embeddable":true,"href":"https:\/\/tvsensor.com\/api\/wp\/v2\/categories?post=20696"},{"taxonomy":"post_tag","embeddable":true,"href":"https:\/\/tvsensor.com\/api\/wp\/v2\/tags?post=20696"}],"curies":[{"name":"wp","href":"https:\/\/api.w.org\/{rel}","templated":true}]}}