{"id":20357,"date":"2020-12-05T20:02:49","date_gmt":"2020-12-05T19:02:49","guid":{"rendered":"https:\/\/senzor.ba\/?p=20357"},"modified":"2024-01-15T21:41:47","modified_gmt":"2024-01-15T20:41:47","slug":"franjo-ostojic-i-biserka-selimovic-najbolji-volonteri-u-2020-godini","status":"publish","type":"post","link":"https:\/\/tvsensor.com\/clanak\/franjo-ostojic-i-biserka-selimovic-najbolji-volonteri-u-2020-godini\/","title":{"rendered":"Franjo Ostoji\u0107 i Biserka Selimovi\u0107 najbolji volonteri u 2020. godini"},"content":{"rendered":"\n<p>Humanitarna udruga &#8220;Fra Mladen Hrka\u0107&#8221; proglasila je dobitnike nagrade &#8220;Gordana Jeli\u0107&#8221; za volontera godine, a to su Franjo Ostoji\u0107 iz \u010citluka u Bosni i Hercegovini i Biserka Selimovi\u0107 iz Rijeke u Republici Hrvatskoj.<\/p>\n\n\n\n<p>Ovo priznanje dodjeljuje se s ciljem podizanja op\u0107e razine svijesti o volontiranju koje je pokreta\u010dka snaga brojnih organizacija i inicijativa te ima zna\u010dajan pozitivan utjecaj na pojedinca i dru\u0161tvo, te stoga nosi ime pokojne Gordane Jeli\u0107 koja je upravo takav utjecaj ostavila u svojoj zajednici i u Humanitarnoj udruzi &#8220;Fra Mladen Hrka\u0107&#8221;.<\/p>\n\n\n\n<p>&#8220;Sretan sam. Osje\u0107am zahvalnost prema Bogu \u0161to mi je dao sposobnost i mogu\u0107nost da poma\u017eem drugima, jer poma\u017eu\u0107i drugima ja sam osje\u0107ao zadovoljstvo, sre\u0107u i unutarnji mir. Osje\u0107am i \u017eelim da moje djelovanje bude na radost drugih. Hvala vam \u0161to ste pored svih dobrih, marljivih i vrijednih volontera odabrali upravo mene. S jo\u0161 ve\u0107im \u017earom i ljubavlju \u0107u i dalje \u010diniti dobro i pomagati drugima&#8221;, izjavio je 49-godi\u0161nji Franjo Ostoji\u0107.<\/p>\n\n\n\n<p>On je inicijator osnivanja Udruge roditelja i prijatelje djece s posebnim potrebama &#8220;Susret&#8221;, jedan je od osniva\u010da, pokreta\u010d je i provoditelj aktivnosti unutar udruge koje oboga\u0107uju \u017eivote djece s te\u0161ko\u0107ama u razvoju i njihovih obitelji i pru\u017eaju im potrebnu podr\u0161ku i pomo\u0107.<\/p>\n\n\n\n<p>Iza njega je pokretanje humanitarne akcije za nabavu specijaliziranog vozila za prijevoz djece s te\u0161ko\u0107ama, pokretanje Me\u0111unarodnog hodo\u010da\u0161\u0107a za osobe s invaliditetom u Me\u0111ugorju i mnoge druge aktivnosti usmjerene na najpotrebitije.<\/p>\n\n\n\n<p>Nagrada za najboljeg volontera u Republici Hrvatskoj pripala je 72-godi\u0161njoj Biserki Selimovi\u0107 koja je u 2020. godini i tijekom covid-19 pandemije, koja je postavila brojne prepreke za volonterske aktivnosti, volontirala \u010dak 607 sati.<\/p>\n\n\n\n<p>Biserka svaki vikend sudjeluje u pripremi i podjeli toplog obroka za besku\u0107nike, a nakon toliko godina volontiranja poznaje korisnike, prati njihov \u017eivotni hod i pru\u017ea im uslugu savjetovanja. Korisnici ju prihva\u0107aju, po\u0161tuju, zahvalni su i rado otvoreno i iskreno razgovaraju.<\/p>\n\n\n\n<p>Osim redovitog volontiranja, Biserka sudjeluje na raznim edukacijama, \u010desto pronalazi donatore i nudi kreativne ideje za prostor kuhinje i pripreme obroka. Tako\u0111er je bila najstariji sudionik inicijative &#8220;Jedna no\u0107 pod zvijezdama&#8221; u sklopu koje se iskazivala podr\u0161ka i solidarnost s besku\u0107nicima.<\/p>\n\n\n\n<p>Njezina prijava istaknula se po dugogodi\u0161njem volonterskom anga\u017emanu, predanosti, redovitosti, broju volonterskih aktivnosti u koje je uklju\u010dena te \u010dinjenici da volonterka tre\u0107e dobi \u0161to njezin volonterski utjecaj \u010dini jo\u0161 zna\u010dajnijim i vrjednijim divljenja.<\/p>\n\n\n\n<p>&#8220;Kroz sve ove godine volontiranja i pomaganja spoznala sam da sam od na\u0161ih korisnika puno toga primila jer se s volontiranjem uvijek vi\u0161e prima nego daje. Volontiranje otvara nove vidike, pro\u0161iruje srce za bli\u017enjega, u\u010di nas nesebi\u010dnosti, prepoznavanju \u010dovjeka i njegove potrebe te nas same \u010dini boljim ljudima. Smisao i ispunjene na\u0161eg \u017eivota je \u017eivot koji \u017eivimo daruju\u0107i se drugima&#8221;, poru\u010dila je Biserka Selimovi\u0107.<\/p>\n\n\n\n<p>Ovogodi\u0161nju nagradu &#8220;Gordana Jeli\u0107&#8221; izradila je akademska grafi\u010darka i profesorica likovne kulture Iva Zeljko Pe\u0161orda.<\/p>\n\n\n\n<p>Zbog trenuta\u010dne epidemiolo\u0161ke situacije, dodjela nagrade za najbolje volontere u Bosni i Hercegovini i Republici Hrvatskoj odgo\u0111ena je i odr\u017eat \u0107e se naknadno, ovisno o epidemiolo\u0161kim prilikama, priop\u0107eno je iz Humanitarne udruge &#8220;Fra Mladen Hrka\u0107&#8221;.<\/p>\n\n\n\n<p>Izvor: federalna.ba<\/p>\n","protected":false},"excerpt":{"rendered":"<p>Humanitarna udruga &#8220;Fra Mladen Hrka\u0107&#8221; proglasila je dobitnike nagrade &#8220;Gordana Jeli\u0107&#8221; za volontera godine, a to su Franjo Ostoji\u0107 iz \u010citluka u Bosni i Hercegovini i Biserka Selimovi\u0107 iz Rijeke u Republici Hrvatskoj. Ovo priznanje dodjeljuje se s ciljem podizanja op\u0107e razine svijesti o volontiranju koje je pokreta\u010dka snaga brojnih organizacija i inicijativa te ima [&hellip;]<\/p>\n","protected":false},"author":7,"featured_media":20358,"comment_status":"closed","ping_status":"closed","sticky":false,"template":"","format":"standard","meta":{"inline_featured_image":false,"footnotes":""},"categories":[37,38],"tags":[],"class_list":{"0":"post-20357","1":"post","2":"type-post","3":"status-publish","4":"format-standard","5":"has-post-thumbnail","7":"category-vijesti","8":"category-vijesti-iz-bih"},"acf":[],"_links":{"self":[{"href":"https:\/\/tvsensor.com\/api\/wp\/v2\/posts\/20357","targetHints":{"allow":["GET"]}}],"collection":[{"href":"https:\/\/tvsensor.com\/api\/wp\/v2\/posts"}],"about":[{"href":"https:\/\/tvsensor.com\/api\/wp\/v2\/types\/post"}],"author":[{"embeddable":true,"href":"https:\/\/tvsensor.com\/api\/wp\/v2\/users\/7"}],"replies":[{"embeddable":true,"href":"https:\/\/tvsensor.com\/api\/wp\/v2\/comments?post=20357"}],"version-history":[{"count":2,"href":"https:\/\/tvsensor.com\/api\/wp\/v2\/posts\/20357\/revisions"}],"predecessor-version":[{"id":20360,"href":"https:\/\/tvsensor.com\/api\/wp\/v2\/posts\/20357\/revisions\/20360"}],"wp:featuredmedia":[{"embeddable":true,"href":"https:\/\/tvsensor.com\/api\/wp\/v2\/media\/20358"}],"wp:attachment":[{"href":"https:\/\/tvsensor.com\/api\/wp\/v2\/media?parent=20357"}],"wp:term":[{"taxonomy":"category","embeddable":true,"href":"https:\/\/tvsensor.com\/api\/wp\/v2\/categories?post=20357"},{"taxonomy":"post_tag","embeddable":true,"href":"https:\/\/tvsensor.com\/api\/wp\/v2\/tags?post=20357"}],"curies":[{"name":"wp","href":"https:\/\/api.w.org\/{rel}","templated":true}]}}