{"id":20318,"date":"2020-12-05T17:13:37","date_gmt":"2020-12-05T16:13:37","guid":{"rendered":"https:\/\/senzor.ba\/?p=20318"},"modified":"2024-01-15T21:41:48","modified_gmt":"2024-01-15T20:41:48","slug":"odrzana-konferencija-o-realnosti-i-buducnosti-bih","status":"publish","type":"post","link":"https:\/\/tvsensor.com\/clanak\/odrzana-konferencija-o-realnosti-i-buducnosti-bih\/","title":{"rendered":"Odr\u017eana konferencija o realnosti i budu\u0107nosti BiH"},"content":{"rendered":"\n<p>U BiH se sudaraju dva potpuno suprotstavljena koncepta dr\u017eave, bo\u0161nja\u010dki te\u017ei ka centralizaciji i unitarizaciji dr\u017eave, srpski na BiH gleda s polazi\u0161ta \u017eelje za separatizmom ili konfederalnim odnosom, dok su u sredini Hrvati koji te\u017ee federalizaciji dr\u017eave.<\/p>\n\n\n\n<p>Istaknuo je to u petak u \u0160irokom Brijegu pro\u010delnik Studija politologije Sveu\u010dili\u0161ta u Mostaru Dra\u017een Barbari\u0107 tijekom konferencije &#8220;Dru\u0161tveno-politi\u010dka realnost i budu\u0107nost Bosne i Hercegovine&#8221; Hrvatskog studentskog politolo\u0161kog foruma (HSPF) i internetskog portala Bild.ba.<\/p>\n\n\n\n<p>&#8220;Kad vidimo zahtjeve Hrvata preko Hrvatskog narodnog sabora, to zapravo nije ni\u0161ta drugo nego vra\u0107anje ka originalnim postavkama Daytona&#8221;, naveo je Barbari\u0107.<\/p>\n\n\n\n<p>Profesor s Fakulteta politi\u010dkih nauka u Sarajevu \u0160a\u0107ir Filandra naveo je kako 25 godina nakon Daytona postoje razli\u010dite interpretacije istog teksta.<\/p>\n\n\n\n<p>&#8220;Ratni zlo\u010dinci su nacionalni heroji i ne suosje\u0107amo se sa \u017ertvama drugih. Razli\u010dite koncepcije &#8216;spasa&#8217; i kona\u010dnog rje\u0161enja su vrlo divergentne i u BiH postoji veliko nepovjerenje&#8221;, izjavio je Filandra, dodav\u0161i kako je sarajevskim Bo\u0161njacima Sydney bli\u017ei od \u0160irokog Brijega, jednako kao \u0161to ve\u0107ina Hrvata ne zna gdje su \u017divinice.<\/p>\n\n\n\n<p>Profesor s Fakulteta politi\u010dkih nauka u Banjoj Luci Milo\u0161 \u0160olaja istaknuo je da se mir u BiH legitimirao odsustvom oru\u017eja i da je to jedina stvar koja je legitimirana. Sve je drugo, smatra \u0160olaja, stanje konflikta i zbog toga se temeljni odnos u BiH ne mijenja.<\/p>\n\n\n\n<p>U okviru konferencije odr\u017eana se u dva panela, a na drugom su panelu sudjelovali predsjednik Vlade ZHK-a Zdenko \u0106osi\u0107 te zastupnik u Narodnoj skup\u0161tini Republike Srpske Sr\u0111an Mazalica.<\/p>\n\n\n\n<p>\u0106osi\u0107 je tom prigodom ocijenio kako su povjerenje me\u0111u narodima naru\u0161ile politi\u010dke elite koje nemaju namjeru napraviti pomak i vuku na svoju stranu.<\/p>\n\n\n\n<p>&#8220;Ne postoje programi koji su a priori dobri za ovu dr\u017eavu, dok su drugi ru\u0161ila\u010dki, lo\u0161i, separatizam ili fa\u0161izam&#8221;, rekao je \u0106osi\u0107.<\/p>\n\n\n\n<p>Mazalica je naveo kako ni za vrijeme ZAVNOBiH-a nije bilo unutarnjeg konsenzusa u BiH te da se mo\u017eda prvi put u povijesti mo\u017ee posti\u0107i unutarnji konsenzus o ustavnom ure\u0111enju, podjeli nadle\u017enosti i pomirenju.<\/p>\n\n\n\n<p>&#8220;Interes svih gra\u0111ana u BiH je dogovor tri naroda i dva entiteta o ustavnom ure\u0111enju i putu ka Europskoj uniji. Onaj tko istinski \u017eeli BiH trebao bi do\u0107i do ure\u0111enja koje bi bilo okvir u kojem bi se moglo graditi pomirenje&#8221;, rekao je Mazalica, priop\u0107io je HSPF.<\/p>\n\n\n\n<p>Izvor: Fena<\/p>\n","protected":false},"excerpt":{"rendered":"<p>U BiH se sudaraju dva potpuno suprotstavljena koncepta dr\u017eave, bo\u0161nja\u010dki te\u017ei ka centralizaciji i unitarizaciji dr\u017eave, srpski na BiH gleda s polazi\u0161ta \u017eelje za separatizmom ili konfederalnim odnosom, dok su u sredini Hrvati koji te\u017ee federalizaciji dr\u017eave. Istaknuo je to u petak u \u0160irokom Brijegu pro\u010delnik Studija politologije Sveu\u010dili\u0161ta u Mostaru Dra\u017een Barbari\u0107 tijekom konferencije [&hellip;]<\/p>\n","protected":false},"author":7,"featured_media":20319,"comment_status":"closed","ping_status":"closed","sticky":false,"template":"","format":"standard","meta":{"inline_featured_image":false,"footnotes":""},"categories":[37,38],"tags":[],"class_list":{"0":"post-20318","1":"post","2":"type-post","3":"status-publish","4":"format-standard","5":"has-post-thumbnail","7":"category-vijesti","8":"category-vijesti-iz-bih"},"acf":[],"_links":{"self":[{"href":"https:\/\/tvsensor.com\/api\/wp\/v2\/posts\/20318","targetHints":{"allow":["GET"]}}],"collection":[{"href":"https:\/\/tvsensor.com\/api\/wp\/v2\/posts"}],"about":[{"href":"https:\/\/tvsensor.com\/api\/wp\/v2\/types\/post"}],"author":[{"embeddable":true,"href":"https:\/\/tvsensor.com\/api\/wp\/v2\/users\/7"}],"replies":[{"embeddable":true,"href":"https:\/\/tvsensor.com\/api\/wp\/v2\/comments?post=20318"}],"version-history":[{"count":2,"href":"https:\/\/tvsensor.com\/api\/wp\/v2\/posts\/20318\/revisions"}],"predecessor-version":[{"id":20321,"href":"https:\/\/tvsensor.com\/api\/wp\/v2\/posts\/20318\/revisions\/20321"}],"wp:featuredmedia":[{"embeddable":true,"href":"https:\/\/tvsensor.com\/api\/wp\/v2\/media\/20319"}],"wp:attachment":[{"href":"https:\/\/tvsensor.com\/api\/wp\/v2\/media?parent=20318"}],"wp:term":[{"taxonomy":"category","embeddable":true,"href":"https:\/\/tvsensor.com\/api\/wp\/v2\/categories?post=20318"},{"taxonomy":"post_tag","embeddable":true,"href":"https:\/\/tvsensor.com\/api\/wp\/v2\/tags?post=20318"}],"curies":[{"name":"wp","href":"https:\/\/api.w.org\/{rel}","templated":true}]}}