{"id":20314,"date":"2020-12-05T17:10:47","date_gmt":"2020-12-05T16:10:47","guid":{"rendered":"https:\/\/senzor.ba\/?p=20314"},"modified":"2024-01-15T21:41:48","modified_gmt":"2024-01-15T20:41:48","slug":"edin-forto-mandatar-za-sastav-vlade-kantona-sarajevo","status":"publish","type":"post","link":"https:\/\/tvsensor.com\/clanak\/edin-forto-mandatar-za-sastav-vlade-kantona-sarajevo\/","title":{"rendered":"Edin Forto mandatar za sastav Vlade Kantona Sarajevo"},"content":{"rendered":"\n<p>Edin Forto izabran je za mandatara za formiranje nove Vlade Kantona Sarajevo, odlu\u010dili su u subotu iz nove skup\u0161tinske ve\u0107ine u kojoj su Narod i pravda, Na\u0161a stranka, Socijaldemokratska partija BiH, Nezavisna bosanskohercegova\u010dka lista i Klub samostalnih zastupnika, prenosi Anadolu Agency (AA).<\/p>\n\n\n\n<p>Forto je ve\u0107 vodio Vladu, koja je izgubila povjerenje Skup\u0161tine Kantona Sarajevo u januaru ove godine.<\/p>\n\n\n\n<p>\u201cU tom smislu Edin Forto, kao biv\u0161i premijer, jedna je od najprepoznatljivijih personifikacija te Vlade i izraz na\u0161e te\u017enje za nastavkom rada koji smo zapo\u010deli 2018. godine. Njegovim povratkom na mjesto premijera tako\u0111er \u017eelimo vratiti povjerenje gra\u0111ana i gra\u0111anki u institucije Kantona u izuzetno zahtjevnom periodu oporavka koji je pred nama\u201c, ka\u017ee se u saop\u0161tenju stranaka i nezavisnih poslanika nove skup\u0161tinske ve\u0107ine.<\/p>\n\n\n\n<p>Vlada koja je naslijedila Fortinu, nedavno je pala nakon \u0161to je premijer Mario Nenadi\u0107 podnio ostavku.<\/p>\n\n\n\n<p>Izvor: AA<\/p>\n","protected":false},"excerpt":{"rendered":"<p>Edin Forto izabran je za mandatara za formiranje nove Vlade Kantona Sarajevo, odlu\u010dili su u subotu iz nove skup\u0161tinske ve\u0107ine u kojoj su Narod i pravda, Na\u0161a stranka, Socijaldemokratska partija BiH, Nezavisna bosanskohercegova\u010dka lista i Klub samostalnih zastupnika, prenosi Anadolu Agency (AA). Forto je ve\u0107 vodio Vladu, koja je izgubila povjerenje Skup\u0161tine Kantona Sarajevo u [&hellip;]<\/p>\n","protected":false},"author":7,"featured_media":20315,"comment_status":"closed","ping_status":"closed","sticky":false,"template":"","format":"standard","meta":{"inline_featured_image":false,"footnotes":""},"categories":[234,37,38],"tags":[],"class_list":{"0":"post-20314","1":"post","2":"type-post","3":"status-publish","4":"format-standard","5":"has-post-thumbnail","7":"category-politika","8":"category-vijesti","9":"category-vijesti-iz-bih"},"acf":[],"_links":{"self":[{"href":"https:\/\/tvsensor.com\/api\/wp\/v2\/posts\/20314","targetHints":{"allow":["GET"]}}],"collection":[{"href":"https:\/\/tvsensor.com\/api\/wp\/v2\/posts"}],"about":[{"href":"https:\/\/tvsensor.com\/api\/wp\/v2\/types\/post"}],"author":[{"embeddable":true,"href":"https:\/\/tvsensor.com\/api\/wp\/v2\/users\/7"}],"replies":[{"embeddable":true,"href":"https:\/\/tvsensor.com\/api\/wp\/v2\/comments?post=20314"}],"version-history":[{"count":2,"href":"https:\/\/tvsensor.com\/api\/wp\/v2\/posts\/20314\/revisions"}],"predecessor-version":[{"id":20317,"href":"https:\/\/tvsensor.com\/api\/wp\/v2\/posts\/20314\/revisions\/20317"}],"wp:featuredmedia":[{"embeddable":true,"href":"https:\/\/tvsensor.com\/api\/wp\/v2\/media\/20315"}],"wp:attachment":[{"href":"https:\/\/tvsensor.com\/api\/wp\/v2\/media?parent=20314"}],"wp:term":[{"taxonomy":"category","embeddable":true,"href":"https:\/\/tvsensor.com\/api\/wp\/v2\/categories?post=20314"},{"taxonomy":"post_tag","embeddable":true,"href":"https:\/\/tvsensor.com\/api\/wp\/v2\/tags?post=20314"}],"curies":[{"name":"wp","href":"https:\/\/api.w.org\/{rel}","templated":true}]}}