{"id":20310,"date":"2020-12-05T17:08:23","date_gmt":"2020-12-05T16:08:23","guid":{"rendered":"https:\/\/senzor.ba\/?p=20310"},"modified":"2024-01-15T21:41:48","modified_gmt":"2024-01-15T20:41:48","slug":"klanjana-dzenaza-majci-kadi-ramic-iz-srebrenice","status":"publish","type":"post","link":"https:\/\/tvsensor.com\/clanak\/klanjana-dzenaza-majci-kadi-ramic-iz-srebrenice\/","title":{"rendered":"Klanjana d\u017eenaza majci Kadi Rami\u0107 iz Srebrenice"},"content":{"rendered":"\n<p>Na mjesnom mezarju u Su\u0107esci danas je klanjana d\u017eenaza i obavljen ukop majke Kade Rami\u0107 kojoj su u ratu i tokom genocida u Srebrenici ubijena \u010detiri sina &#8211; Sabit, D\u017eevad, D\u017eemo i Mehmedalija, prenosi Anadolu Agency (AA).<\/p>\n\n\n\n<p>Sabit je poginuo tokom rata, a D\u017eevad, D\u017eemo i Mehmedalija nisu uspjeli prije\u0107i put smrti u julu 1995. godine. Identifikovani su i ukopani u Memorijalnom centru Srebrenica &#8211; Poto\u010dari.<\/p>\n\n\n\n<p>D\u017eenazu su predvodili Jasmin ef. Hasi\u0107 i glavni imam Med\u017elisa IZ Srebrenica Damir ef. Pe\u0161tali\u0107, a Kada je ukopana u blizini svog supruga Alije.<\/p>\n\n\n\n<p>\u201cPoznavao sam majku Kadu, poznavao sam je i smatrao da je ona u\u017ea porodica moja. Gledao sam \u010ditavo vrijeme da tako i bude, ne samo prema njoj nego prema njenoj porodici i drugim majkama\u201c, ka\u017ee Hasi\u0107.<\/p>\n\n\n\n<p>Dodaje da je iza Kade Rami\u0107 ostala k\u0107erka Red\u017eija i unuci, a da je dosta majki iz Srebrenice iza kojih niko nije ostao.<\/p>\n\n\n\n<p>\u201cDosta je majki koje su oti\u0161le sa ovog svijeta, i koje ne\u0107e imati koga ostaviti iza sebe. Rahmetli majka Kada bila je \u017eena za primjer drugima. Svjedo\u010dim pred Allahom d\u017e.\u0161. da je to majka koja je \u017eivjela \u017eivotom jedne muslimanke, prave muslimanke, koja je upu\u0107ivala i druge u vjeru islam, i kojima sigurno mogu posvjedo\u010diti bezbroj puta da i pored svega \u0161to je pre\u017eivjela i do\u017eivjela nikada nije iskazala i na njoj se nije mogla primijetiti nekakva mr\u017enja, ili nekakva osveta\u201c, rekao je Hasi\u0107.<\/p>\n\n\n\n<p>Kada Rami\u0107 se me\u0111u prvima vratila u Su\u0107esku sa suprugom Alijom, koji je umro 2010. godine. Nakon toga je je \u017eivjela sa k\u0107erkom Red\u017eijom i unucima. Njenoj k\u0107erci Red\u017eiji je ubijen suprug u genocidu, iza kojeg su ostala djece Sedina, Sedin, Admir i Sabit koji je dobio ime po jednom od ubijenih dajd\u017ea. Iza Kadinih ubijenih sinova nije ostalo potomaka.<\/p>\n\n\n\n<p>Vi\u0161e od 25 godina Kada je tugovala i \u017eivjela od uspomena na sinove. Kako je govorila, svaki dan je \u201cgledala staze po kojima su se oni kao djeca igrali\u201d.<\/p>\n\n\n\n<p>\u201c\u017divim da se sje\u0107am, oplakujem i uzdi\u0161em. Ne znam ni kako je insan \u017eiv nakon svega. \u017divi se jer se mora. Sabit je poginuo u toku rata, a D\u017eevad, D\u017eemo i Mehmedalija nikada nisu do\u0161li iako sam se nadala da \u0107e makar jedan do\u0107i. Na\u0161li smo ih, i ukopani su njih trojica u Poto\u010darima. Sanjam ih \u010desto, u\u010dim im Fatihu, Jasin. Nisam ja jedina koja je izgubila sinove, mnoge su majke izgubile sinove. Svakom je njegova bol najte\u017ea, svakog njegova rana najvi\u0161e boli\u201d, govorila je Kada Rami\u0107.<\/p>\n\n\n\n<p>Izvor: AA<\/p>\n","protected":false},"excerpt":{"rendered":"<p>Na mjesnom mezarju u Su\u0107esci danas je klanjana d\u017eenaza i obavljen ukop majke Kade Rami\u0107 kojoj su u ratu i tokom genocida u Srebrenici ubijena \u010detiri sina &#8211; Sabit, D\u017eevad, D\u017eemo i Mehmedalija, prenosi Anadolu Agency (AA). Sabit je poginuo tokom rata, a D\u017eevad, D\u017eemo i Mehmedalija nisu uspjeli prije\u0107i put smrti u julu 1995. [&hellip;]<\/p>\n","protected":false},"author":7,"featured_media":20311,"comment_status":"closed","ping_status":"closed","sticky":false,"template":"","format":"standard","meta":{"inline_featured_image":false,"footnotes":""},"categories":[37,38],"tags":[],"class_list":{"0":"post-20310","1":"post","2":"type-post","3":"status-publish","4":"format-standard","5":"has-post-thumbnail","7":"category-vijesti","8":"category-vijesti-iz-bih"},"acf":[],"_links":{"self":[{"href":"https:\/\/tvsensor.com\/api\/wp\/v2\/posts\/20310","targetHints":{"allow":["GET"]}}],"collection":[{"href":"https:\/\/tvsensor.com\/api\/wp\/v2\/posts"}],"about":[{"href":"https:\/\/tvsensor.com\/api\/wp\/v2\/types\/post"}],"author":[{"embeddable":true,"href":"https:\/\/tvsensor.com\/api\/wp\/v2\/users\/7"}],"replies":[{"embeddable":true,"href":"https:\/\/tvsensor.com\/api\/wp\/v2\/comments?post=20310"}],"version-history":[{"count":2,"href":"https:\/\/tvsensor.com\/api\/wp\/v2\/posts\/20310\/revisions"}],"predecessor-version":[{"id":20313,"href":"https:\/\/tvsensor.com\/api\/wp\/v2\/posts\/20310\/revisions\/20313"}],"wp:featuredmedia":[{"embeddable":true,"href":"https:\/\/tvsensor.com\/api\/wp\/v2\/media\/20311"}],"wp:attachment":[{"href":"https:\/\/tvsensor.com\/api\/wp\/v2\/media?parent=20310"}],"wp:term":[{"taxonomy":"category","embeddable":true,"href":"https:\/\/tvsensor.com\/api\/wp\/v2\/categories?post=20310"},{"taxonomy":"post_tag","embeddable":true,"href":"https:\/\/tvsensor.com\/api\/wp\/v2\/tags?post=20310"}],"curies":[{"name":"wp","href":"https:\/\/api.w.org\/{rel}","templated":true}]}}