{"id":20275,"date":"2020-12-05T14:32:27","date_gmt":"2020-12-05T13:32:27","guid":{"rendered":"https:\/\/senzor.ba\/?p=20275"},"modified":"2024-01-15T21:41:50","modified_gmt":"2024-01-15T20:41:50","slug":"drzavljanin-afganistana-priznao-krivnju-za-krijumcarenje-migranata","status":"publish","type":"post","link":"https:\/\/tvsensor.com\/clanak\/drzavljanin-afganistana-priznao-krivnju-za-krijumcarenje-migranata\/","title":{"rendered":"Dr\u017eavljanin Afganistana priznao krivnju za krijum\u010darenje migranata"},"content":{"rendered":"\n<p>Optu\u017eeni Anil Ahmad (21), ro\u0111en u Afganistanu, koji se nalazi u pritvoru u Bosni i Hercegovini, u potpunosti je priznao krivnju za kazneno djelo krijum\u010darenja osoba, za koje ga tereti optu\u017enica Tu\u017eiteljstva BiH, te je za njega predlo\u017eena kazna zatvora u trajanju od 12 mjeseci, prenosi Anadolu Agency (AA).<\/p>\n\n\n\n<p>Optu\u017eeni Ahmad tereti se za krijum\u010darenje deset migranata, dr\u017eavljana Afganistana, preko vodene granice na rijeci Drini, u septembru ove godine.<\/p>\n\n\n\n<p>Predlo\u017eena kazna adekvatna je ulozi i odgovornosti optu\u017eenog prilikom po\u010dinjenja navedenog kaznenog djela.<\/p>\n\n\n\n<p>Sporazumnim priznanjem krivnje, optu\u017eeni se odri\u010de prava na su\u0111enje i prava na \u017ealbu na presudu koju mu na temelju sporazuma izrekne Sud BiH. Na ovaj na\u010din, predmet se u potpunosti zavr\u0161ava i smanjuju se tro\u0161kovi su\u0111enja i postupka koji bi bili pla\u0107eni iz bud\u017eeta BiH, navode iz Tu\u017eila\u0161tva BiH.<\/p>\n\n\n\n<p>Sporazum je proslije\u0111en Sudu BiH.<\/p>\n\n\n\n<p>Izvor: AA<\/p>\n","protected":false},"excerpt":{"rendered":"<p>Optu\u017eeni Anil Ahmad (21), ro\u0111en u Afganistanu, koji se nalazi u pritvoru u Bosni i Hercegovini, u potpunosti je priznao krivnju za kazneno djelo krijum\u010darenja osoba, za koje ga tereti optu\u017enica Tu\u017eiteljstva BiH, te je za njega predlo\u017eena kazna zatvora u trajanju od 12 mjeseci, prenosi Anadolu Agency (AA). Optu\u017eeni Ahmad tereti se za krijum\u010darenje [&hellip;]<\/p>\n","protected":false},"author":7,"featured_media":20276,"comment_status":"closed","ping_status":"closed","sticky":false,"template":"","format":"standard","meta":{"inline_featured_image":false,"footnotes":""},"categories":[37,38],"tags":[],"class_list":{"0":"post-20275","1":"post","2":"type-post","3":"status-publish","4":"format-standard","5":"has-post-thumbnail","7":"category-vijesti","8":"category-vijesti-iz-bih"},"acf":[],"_links":{"self":[{"href":"https:\/\/tvsensor.com\/api\/wp\/v2\/posts\/20275","targetHints":{"allow":["GET"]}}],"collection":[{"href":"https:\/\/tvsensor.com\/api\/wp\/v2\/posts"}],"about":[{"href":"https:\/\/tvsensor.com\/api\/wp\/v2\/types\/post"}],"author":[{"embeddable":true,"href":"https:\/\/tvsensor.com\/api\/wp\/v2\/users\/7"}],"replies":[{"embeddable":true,"href":"https:\/\/tvsensor.com\/api\/wp\/v2\/comments?post=20275"}],"version-history":[{"count":2,"href":"https:\/\/tvsensor.com\/api\/wp\/v2\/posts\/20275\/revisions"}],"predecessor-version":[{"id":20278,"href":"https:\/\/tvsensor.com\/api\/wp\/v2\/posts\/20275\/revisions\/20278"}],"wp:featuredmedia":[{"embeddable":true,"href":"https:\/\/tvsensor.com\/api\/wp\/v2\/media\/20276"}],"wp:attachment":[{"href":"https:\/\/tvsensor.com\/api\/wp\/v2\/media?parent=20275"}],"wp:term":[{"taxonomy":"category","embeddable":true,"href":"https:\/\/tvsensor.com\/api\/wp\/v2\/categories?post=20275"},{"taxonomy":"post_tag","embeddable":true,"href":"https:\/\/tvsensor.com\/api\/wp\/v2\/tags?post=20275"}],"curies":[{"name":"wp","href":"https:\/\/api.w.org\/{rel}","templated":true}]}}