{"id":20271,"date":"2020-12-05T14:29:36","date_gmt":"2020-12-05T13:29:36","guid":{"rendered":"https:\/\/senzor.ba\/?p=20271"},"modified":"2024-01-15T21:41:50","modified_gmt":"2024-01-15T20:41:50","slug":"cestitka-crvenog-kriza-fbih-volonterima-velike-zasluge-za-rad-tokom-pandemije","status":"publish","type":"post","link":"https:\/\/tvsensor.com\/clanak\/cestitka-crvenog-kriza-fbih-volonterima-velike-zasluge-za-rad-tokom-pandemije\/","title":{"rendered":"\u010cestitka Crvenog kri\u017ea FBiH volonterima: Velike zasluge za rad tokom pandemije"},"content":{"rendered":"\n<p>Svakog 5. decembra obilje\u017eava se Svjetski dan volontera, a ovogodi\u0161nji moto &#8220;Zajedno mo\u017eemo kroz volontiranje&#8221; ukazuje na va\u017enost volontera u lokalnim zajednicama tokom kriznih situacija.<\/p>\n\n\n\n<p>Nagla\u0161ava se zahvalnost volonterima \u0161irom svijeta te se isti\u010du njihove pote\u0161ko\u0107e i potrebe u radu tokom pandemije.<\/p>\n\n\n\n<p>Crveni kri\u017e Federacije ove godine obilje\u017eava i 20 godina od organiziranog djelovanja mladih u strukturi Crvenog kri\u017ea Federacije BiH, a u tu svrhu odr\u017eana je i online konferencija pod nazivom &#8220;Mladi Crvenog kri\u017ea-tada i sada&#8221;.<\/p>\n\n\n\n<p>U okviru obilje\u017eavanja bit \u0107e objavljen i online bilten kao retrospektiva rada s mladima posljednje dvije decenije. Crveni kri\u017e Federacije BiH uz podr\u0161ku volontera i lidera mladih kreirao je Viber naljepnice kao poklon volonterima.<\/p>\n\n\n\n<p>Crveni kri\u017e Federacije zahvaljuje svim volonterima, jer su i u toj izuzetno te\u0161koj situaciji za BiH bili na prvoj liniji.<\/p>\n\n\n\n<p>&#8211; Dragi volonteri, \u010dekaju vas novi izazovi koje sa sobom donosi pandemija koronavirusa,&nbsp; pobrinite se da svi budu sigurni i da budete tu za ljude kojima je potrebna va\u0161a pomo\u0107. Brinite se o sebi i \u010duvajte jedni druge. Zajedno smo u ovome &#8211; navodi se u \u010destitki.<\/p>\n\n\n\n<p>Nakon \u0161to se virus COVID-19 pro\u0161irio volonteri su bili na prvoj liniji odgovora kroz medicinski, socijalni i humanitarni odgovor. Velika pa\u017enja u cijelom svijetu usmjerena je upravo na volontere koji su pomagali da se osigura zdravstvena njega, distribuira za\u0161titna oprema, kupuju osnovne namirnice osobama u izolaciji, pomogne starima koji \u017eive sami.<\/p>\n\n\n\n<p>Strategija pripravnosti i plan odgovora na COVID-19 koji je izradila Svjetska zdravstvena organizacija prepoznaje volontere u zajednicama kao glavne aktere za krizno komuniciranje i uklju\u010divanje zajednice. To pokazuje vrijednosti i velike zasluge volontera za njihov rad tokom pandemije COVID-19, navode iz Crvenog kri\u017ea Federacije BiH.&nbsp;&nbsp;&nbsp;&nbsp;&nbsp;&nbsp;&nbsp;&nbsp;<\/p>\n\n\n\n<p>Izvor: Fena<\/p>\n","protected":false},"excerpt":{"rendered":"<p>Svakog 5. decembra obilje\u017eava se Svjetski dan volontera, a ovogodi\u0161nji moto &#8220;Zajedno mo\u017eemo kroz volontiranje&#8221; ukazuje na va\u017enost volontera u lokalnim zajednicama tokom kriznih situacija. Nagla\u0161ava se zahvalnost volonterima \u0161irom svijeta te se isti\u010du njihove pote\u0161ko\u0107e i potrebe u radu tokom pandemije. Crveni kri\u017e Federacije ove godine obilje\u017eava i 20 godina od organiziranog djelovanja mladih [&hellip;]<\/p>\n","protected":false},"author":7,"featured_media":20272,"comment_status":"closed","ping_status":"closed","sticky":false,"template":"","format":"standard","meta":{"inline_featured_image":false,"footnotes":""},"categories":[69,65],"tags":[],"class_list":{"0":"post-20271","1":"post","2":"type-post","3":"status-publish","4":"format-standard","5":"has-post-thumbnail","7":"category-ponos-bih","8":"category-vise"},"acf":[],"_links":{"self":[{"href":"https:\/\/tvsensor.com\/api\/wp\/v2\/posts\/20271","targetHints":{"allow":["GET"]}}],"collection":[{"href":"https:\/\/tvsensor.com\/api\/wp\/v2\/posts"}],"about":[{"href":"https:\/\/tvsensor.com\/api\/wp\/v2\/types\/post"}],"author":[{"embeddable":true,"href":"https:\/\/tvsensor.com\/api\/wp\/v2\/users\/7"}],"replies":[{"embeddable":true,"href":"https:\/\/tvsensor.com\/api\/wp\/v2\/comments?post=20271"}],"version-history":[{"count":2,"href":"https:\/\/tvsensor.com\/api\/wp\/v2\/posts\/20271\/revisions"}],"predecessor-version":[{"id":20274,"href":"https:\/\/tvsensor.com\/api\/wp\/v2\/posts\/20271\/revisions\/20274"}],"wp:featuredmedia":[{"embeddable":true,"href":"https:\/\/tvsensor.com\/api\/wp\/v2\/media\/20272"}],"wp:attachment":[{"href":"https:\/\/tvsensor.com\/api\/wp\/v2\/media?parent=20271"}],"wp:term":[{"taxonomy":"category","embeddable":true,"href":"https:\/\/tvsensor.com\/api\/wp\/v2\/categories?post=20271"},{"taxonomy":"post_tag","embeddable":true,"href":"https:\/\/tvsensor.com\/api\/wp\/v2\/tags?post=20271"}],"curies":[{"name":"wp","href":"https:\/\/api.w.org\/{rel}","templated":true}]}}