{"id":20253,"date":"2020-12-05T11:18:18","date_gmt":"2020-12-05T10:18:18","guid":{"rendered":"https:\/\/senzor.ba\/?p=20253"},"modified":"2024-01-15T21:41:51","modified_gmt":"2024-01-15T20:41:51","slug":"predstava-mladi-u-doba-korone-otvara-festival-edukativnog-teatra","status":"publish","type":"post","link":"https:\/\/tvsensor.com\/clanak\/predstava-mladi-u-doba-korone-otvara-festival-edukativnog-teatra\/","title":{"rendered":"Predstava &#8220;Mladi u doba korone&#8221; otvara Festival edukativnog teatra"},"content":{"rendered":"\n<p>Predstava &#8220;Mladi u doba korone\u201c otvara \u0161esti po redu internacionalni Festival edukativnog teatra IFET 2020. u BNP-Zenica koji \u0107e se odr\u017eati od 5. do 27. decembra.<\/p>\n\n\n\n<p>Ovo je prvo u\u010de\u0161\u0107e predstave na nekom teatarskom festivalu nakon novembarske premijerne i decembarskih repriznih igranja.<\/p>\n\n\n\n<p>Rije\u010d je o koprodukcijskom projektu Studio Teatra i BNP-a Zenica koji je realizovan uz podr\u0161ku Instituta za razvoj mladih KULT. Re\u017eiju potpisuje Lana Deli\u0107, dok je autor teksta Mirza Begovi\u0107. Autorsku muziku potpisuje Ernad Bihorac, a producent predstave je Nusmir Muharemovi\u0107.<\/p>\n\n\n\n<p>Predstava &#8220;Mladi u doba korone\u201c govori o \u017eivotu, borbi i ratu sa koronom na jedan tragikomi\u010dan na\u010din. Predstava koja slavi \u017eivot, mladost, ljubav, sre\u0107u. Puna emocije, koja nikoga ne ostavlja ravnodu\u0161nim. Mladi ljudi bi trebali pogledati predstavu jer \u0107e se sigurno poistovijetiti sa akterima na sceni, njihovim pri\u010dama koje su generacijske. Roditelji bi trebali pogledati predstavu jer na taj na\u010din \u0107e sigurno bolje razumjeti kroz \u0161ta su prolazila i jo\u0161 uvijek prolaze njihova djeca.<\/p>\n\n\n\n<p>U predstavi igraju Hena Husi\u0107, Danko Damjanovi\u0107, Lea Ze\u0107evi\u0107, Ajla Smaji\u0107, Elma Hasanspahi\u0107, Ajna Kadri\u0107, Sven Zrni\u0107, Ibrahim Tatar,Tarik Leme\u0161 i Merima Med\u017ei\u0107, saop\u0161teno je iz Studio teatra Zenica.\u00a0<\/p>\n\n\n\n<p>Izvor: Klix.ba <\/p>\n","protected":false},"excerpt":{"rendered":"<p>Predstava &#8220;Mladi u doba korone\u201c otvara \u0161esti po redu internacionalni Festival edukativnog teatra IFET 2020. u BNP-Zenica koji \u0107e se odr\u017eati od 5. do 27. decembra. Ovo je prvo u\u010de\u0161\u0107e predstave na nekom teatarskom festivalu nakon novembarske premijerne i decembarskih repriznih igranja. Rije\u010d je o koprodukcijskom projektu Studio Teatra i BNP-a Zenica koji je realizovan [&hellip;]<\/p>\n","protected":false},"author":7,"featured_media":20254,"comment_status":"closed","ping_status":"closed","sticky":false,"template":"","format":"standard","meta":{"inline_featured_image":false,"footnotes":""},"categories":[46,53],"tags":[],"class_list":{"0":"post-20253","1":"post","2":"type-post","3":"status-publish","4":"format-standard","5":"has-post-thumbnail","7":"category-kultura","8":"category-magazin"},"acf":[],"_links":{"self":[{"href":"https:\/\/tvsensor.com\/api\/wp\/v2\/posts\/20253","targetHints":{"allow":["GET"]}}],"collection":[{"href":"https:\/\/tvsensor.com\/api\/wp\/v2\/posts"}],"about":[{"href":"https:\/\/tvsensor.com\/api\/wp\/v2\/types\/post"}],"author":[{"embeddable":true,"href":"https:\/\/tvsensor.com\/api\/wp\/v2\/users\/7"}],"replies":[{"embeddable":true,"href":"https:\/\/tvsensor.com\/api\/wp\/v2\/comments?post=20253"}],"version-history":[{"count":2,"href":"https:\/\/tvsensor.com\/api\/wp\/v2\/posts\/20253\/revisions"}],"predecessor-version":[{"id":20256,"href":"https:\/\/tvsensor.com\/api\/wp\/v2\/posts\/20253\/revisions\/20256"}],"wp:featuredmedia":[{"embeddable":true,"href":"https:\/\/tvsensor.com\/api\/wp\/v2\/media\/20254"}],"wp:attachment":[{"href":"https:\/\/tvsensor.com\/api\/wp\/v2\/media?parent=20253"}],"wp:term":[{"taxonomy":"category","embeddable":true,"href":"https:\/\/tvsensor.com\/api\/wp\/v2\/categories?post=20253"},{"taxonomy":"post_tag","embeddable":true,"href":"https:\/\/tvsensor.com\/api\/wp\/v2\/tags?post=20253"}],"curies":[{"name":"wp","href":"https:\/\/api.w.org\/{rel}","templated":true}]}}