{"id":20186,"date":"2020-12-04T18:02:54","date_gmt":"2020-12-04T17:02:54","guid":{"rendered":"https:\/\/senzor.ba\/?p=20186"},"modified":"2024-01-15T21:41:53","modified_gmt":"2024-01-15T20:41:53","slug":"video-skupstina-crne-gore-pogledajte-odgovor-hrabre-kenane-strujic-na-negiranje-genocida-u-srebrenici","status":"publish","type":"post","link":"https:\/\/tvsensor.com\/clanak\/video-skupstina-crne-gore-pogledajte-odgovor-hrabre-kenane-strujic-na-negiranje-genocida-u-srebrenici\/","title":{"rendered":"\/VIDEO\/Skup\u0161tina Crne Gore: Pogledajte odgovor hrabre Kenane Struji\u0107 na negiranje genocida u Srebrenici"},"content":{"rendered":"\n<p>Kenana Struji\u0107-Harbi\u0107, poslanica Bo\u0161nja\u010dke stranke u Skup\u0161tini Crne Gore \u017eestoko je odgovorila na negiranje genocida nad Bo\u0161njacima u Srebrenici od strane \u010dlanova prosrpskog DF-a.<\/p>\n\n\n\n<figure class=\"wp-block-embed\"><div class=\"wp-block-embed__wrapper\">\n<iframe loading=\"lazy\" src=\"https:\/\/www.facebook.com\/plugins\/video.php?height=258&#038;href=https%3A%2F%2Fwww.facebook.com%2Fsenzornews%2Fvideos%2F404411827271220%2F&#038;show_text=false&#038;width=560\" width=\"560\" height=\"258\" style=\"border:none;overflow:hidden\" scrolling=\"no\" frameborder=\"0\" allowfullscreen=\"true\" allow=\"autoplay; clipboard-write; encrypted-media; picture-in-picture; web-share\" allowFullScreen=\"true\"><\/iframe>\n<\/div><\/figure>\n\n\n\n<p>Pogledajte i reakciju poslanika Bo\u0161nja\u010dke stranke Ervina Ibrahimovi\u0107a na negiranje genocida u Srebrenici, \u0161irenja la\u017ei o zlo\u010dinima Ro\u017eajaca i progla\u0161avanje Crne Gore svetosavskom dr\u017eavom od strane poslanika DF-a.<\/p>\n\n\n\n<figure class=\"wp-block-embed\"><div class=\"wp-block-embed__wrapper\">\n<iframe loading=\"lazy\" src=\"https:\/\/www.facebook.com\/plugins\/video.php?href=https%3A%2F%2Fwww.facebook.com%2FBosnjackaStrankaOfficial%2Fvideos%2F372378423831421%2F&#038;show_text=0&#038;width=560\" width=\"560\" height=\"258\" style=\"border:none;overflow:hidden\" scrolling=\"no\" frameborder=\"0\" allowfullscreen=\"true\" allow=\"autoplay; clipboard-write; encrypted-media; picture-in-picture; web-share\" allowFullScreen=\"true\"><\/iframe>\n<\/div><\/figure>\n\n\n\n<p>Kenana Struji\u0107-Harbi\u0107 ju\u010der je upozorila da je predlo\u017eeni sastav apostolske Vlade diskriminiraju\u0107i prema manjinskim narodima. <\/p>\n\n\n\n<p>&#8220;Vlada u kojoj nema niti jednog ministra iz korpusa bo\u0161nja\u010dkog, hrvatskog ili albanskog naroda za nas je neprihvatljiva. Takav sastav Vlade nije u duhu Ustava Crne Gore koji je defini\u0161e kao gra\u0111ansku, vi\u0161evjersku dr\u017eavu i koji garantuje sva prava manjinskim narodima kao i ravnopravnu zastupljenost u izvr\u0161noj i zakonodavnoj vlasti.&#8221;<\/p>\n\n\n\n<figure class=\"wp-block-embed\"><div class=\"wp-block-embed__wrapper\">\n<iframe loading=\"lazy\" src=\"https:\/\/www.facebook.com\/plugins\/video.php?href=https%3A%2F%2Fwww.facebook.com%2FBosnjackaStrankaOfficial%2Fvideos%2F788205125065012%2F&#038;show_text=0&#038;width=560\" width=\"560\" height=\"313\" style=\"border:none;overflow:hidden\" scrolling=\"no\" frameborder=\"0\" allowfullscreen=\"true\" allow=\"autoplay; clipboard-write; encrypted-media; picture-in-picture; web-share\" allowFullScreen=\"true\"><\/iframe>\n<\/div><\/figure>\n","protected":false},"excerpt":{"rendered":"<p>Kenana Struji\u0107-Harbi\u0107, poslanica Bo\u0161nja\u010dke stranke u Skup\u0161tini Crne Gore \u017eestoko je odgovorila na negiranje genocida nad Bo\u0161njacima u Srebrenici od strane \u010dlanova prosrpskog DF-a. Pogledajte i reakciju poslanika Bo\u0161nja\u010dke stranke Ervina Ibrahimovi\u0107a na negiranje genocida u Srebrenici, \u0161irenja la\u017ei o zlo\u010dinima Ro\u017eajaca i progla\u0161avanje Crne Gore svetosavskom dr\u017eavom od strane poslanika DF-a. Kenana Struji\u0107-Harbi\u0107 ju\u010der [&hellip;]<\/p>\n","protected":false},"author":59,"featured_media":20188,"comment_status":"closed","ping_status":"closed","sticky":false,"template":"","format":"standard","meta":{"inline_featured_image":false,"footnotes":""},"categories":[40,37],"tags":[],"class_list":{"0":"post-20186","1":"post","2":"type-post","3":"status-publish","4":"format-standard","5":"has-post-thumbnail","7":"category-region","8":"category-vijesti"},"acf":[],"_links":{"self":[{"href":"https:\/\/tvsensor.com\/api\/wp\/v2\/posts\/20186","targetHints":{"allow":["GET"]}}],"collection":[{"href":"https:\/\/tvsensor.com\/api\/wp\/v2\/posts"}],"about":[{"href":"https:\/\/tvsensor.com\/api\/wp\/v2\/types\/post"}],"author":[{"embeddable":true,"href":"https:\/\/tvsensor.com\/api\/wp\/v2\/users\/59"}],"replies":[{"embeddable":true,"href":"https:\/\/tvsensor.com\/api\/wp\/v2\/comments?post=20186"}],"version-history":[{"count":1,"href":"https:\/\/tvsensor.com\/api\/wp\/v2\/posts\/20186\/revisions"}],"predecessor-version":[{"id":20189,"href":"https:\/\/tvsensor.com\/api\/wp\/v2\/posts\/20186\/revisions\/20189"}],"wp:featuredmedia":[{"embeddable":true,"href":"https:\/\/tvsensor.com\/api\/wp\/v2\/media\/20188"}],"wp:attachment":[{"href":"https:\/\/tvsensor.com\/api\/wp\/v2\/media?parent=20186"}],"wp:term":[{"taxonomy":"category","embeddable":true,"href":"https:\/\/tvsensor.com\/api\/wp\/v2\/categories?post=20186"},{"taxonomy":"post_tag","embeddable":true,"href":"https:\/\/tvsensor.com\/api\/wp\/v2\/tags?post=20186"}],"curies":[{"name":"wp","href":"https:\/\/api.w.org\/{rel}","templated":true}]}}