{"id":20183,"date":"2020-12-04T17:53:59","date_gmt":"2020-12-04T16:53:59","guid":{"rendered":"https:\/\/senzor.ba\/?p=20183"},"modified":"2024-01-15T21:41:53","modified_gmt":"2024-01-15T20:41:53","slug":"podignuta-optuznica-u-predmetu-respiratori-protiv-novalica-solaka-i-hodzica-optuzena-i-jelka-milicevic","status":"publish","type":"post","link":"https:\/\/tvsensor.com\/clanak\/podignuta-optuznica-u-predmetu-respiratori-protiv-novalica-solaka-i-hodzica-optuzena-i-jelka-milicevic\/","title":{"rendered":"Podignuta optu\u017enica u predmetu \u201cRespiratori\u201d protiv Novali\u0107a, Solaka i Hod\u017ei\u0107a, optu\u017eena i Jelka Mili\u0107evi\u0107"},"content":{"rendered":"\n<p>Tu\u017eila\u0161tvo Bosne i Hercegovine podiglo je optu\u017enicu u predmetu \u201cRespiratori\u201d.<\/p>\n\n\n\n<p>Kako je saop\u0107eno iz Tu\u017eila\u0161tva, optu\u017enicom su obuhva\u0107eni Fadil Novali\u0107, Fahrudin Solak, Fikret Hod\u017ei\u0107, F.H. Srebrena malina d.o.o. Srebrenica, te Jelka Mili\u0107evi\u0107.<\/p>\n\n\n\n<p>Optu\u017eenima Fadilu Novali\u0107u, Fahrudinu Solaku i Fikretu Hod\u017ei\u0107, kao i pravnoj osobi F.H. Srebrena malina d.o.o. Srebrenica, stavlja se na teret da su po\u010dinili kaznena djela:<\/p>\n\n\n\n<p>\u2013 Udru\u017eivanje radi \u010dinjena kaznenih djela iz \u010dlana 249. KZBiH, a u vezi sa krivi\u010dnim djelima:<br>\u2013 Zloupotreba polo\u017eaja ili ovlasti, iz \u010dlana 383. KZFBiH<br>\u2013 Primanje nagrade ili drugog oblika koristi za trgovinu uticajem, iz \u010dlana 219. KZBiH,<br>\u2013 Pranje novca, iz \u010dlana 209. KZBiH,<br>\u2013 Krivotvorenje ili uni\u0161tenje poslovnih ili trgova\u010dkih knjiga ili isprava, iz \u010dlana 261. KZFBiH,<br>\u2013 Krivotvorenje slu\u017ebene isprave, iz \u010dlana 389. KZFBiH,<br>\u2013 Povreda obveze vo\u0111enja trgova\u010dkih ili poslovnih knjiga i sastavljanja finansijiskih izvje\u0161tajaa i njihovo falsifikovanje ili uni\u0161tavanje, iz \u010dlana. 262. KZ RS.<\/p>\n\n\n\n<p>Optu\u017eenoj Jelki Mili\u0107evi\u0107 se stavlja na teret da je po\u010dinila kazneno djelo nesavjesan rad u slu\u017ebi iz \u010dlana 387. KZFBiH.<\/p>\n\n\n\n<p>Optu\u017enicom se optu\u017eenima stavlja na teret po\u010dinjenje navedenih krivi\u010dnih djela u vezi sa nabavkom 100 komada respiratora u vrijednosti od 10.530.000,00 KM, te za\u0161titne opreme u vrijednosti od 2.900.000,00 KM za potrebe borbe protiv koronavirusa u Federaciji Bosne i Hercegovine u vrijeme neposredno nakon progla\u0161enja stanja nesre\u0107e, navodi se u saop\u0107enju Tu\u017eila\u0161tva.<\/p>\n\n\n\n<p>\u2013 Optu\u017eenom Fadilu Novali\u0107u se stavlja na teret da je koriste\u0107i okolnosti progla\u0161enja pandemije, kao i kapacitete ovlasti premijera u Vladi Federacije BiH osmislio plan nezakonite isplate bud\u017eetskih sredstava za potrebe kupovine sredstava i opreme za borbu protiv korona virusa.<\/p>\n\n\n\n<p>U tom su se planu u cilju pribavljanja protupravne imovinske koristi pridru\u017eili Fahrudin Solak, Fikret Hod\u017ei\u0107 i pravna osoba F. H. Srebrena malina d.o.o. Srebrenica. Ova udru\u017eena grupa potom je nabavila 100 komada respiratora ACM812A po uve\u0107anim cijenama, pri \u010demu se isporu\u010deni respiratori ne mogu koristiti u svrhe radi kojih su nabavljeni \u2013 za potrebe lije\u010denja bolesti COVID-19, usljed \u010dega je po bud\u017eet Federacije BiH nastupila imovinska \u0161teta i omogu\u0107eno sticanje protivpravne imovinske koristi koja bi bila podjeljenja izme\u0111u pripadnika udru\u017eene grupe \u2013 navodi se u optu\u017enici.<\/p>\n\n\n\n<p>Optu\u017eena Jelka Mili\u0107evi\u0107, tereti se da je po\u010dinila krivi\u010dno djelo nesavjestan rad u slu\u017ebi jer je svjesnim kr\u0161enjem zakona i drugih propisa omogu\u0107ila ovakvu nabavku respiratora, a potom propu\u0161tanjem svojih zakonom propisanih du\u017enosti nije sprije\u010dila nastupanje \u0161tetne posljedice.<\/p>\n\n\n\n<p>Istraga protiv osumnji\u010denog Aleksandra Zolaka nastavlja se u odvojenom predmetu jer je istraga pro\u0161irena u odnosu na postojanje osnova sumnje da su i u drugim slu\u010dajevima od Agencije za lijekove i medicinska sredstva dono\u0161ene nezakonite odluke.<\/p>\n\n\n\n<p>\u2013 Tu\u017eila\u0161tvo BiH istovremeno obavje\u0161tava javnost da se nastavlja istraga protiv vi\u0161e drugih osoba u odnosu na krivi\u010dno djelo pomo\u0107 u\u010dinitelju poslije u\u010dinjenog krivi\u010dnog djela, a u odnosu na postupak nabavke i raspodjele respiratora koji su predmet ove optu\u017enice \u2013 navode iz Tu\u017eila\u0161tva.<\/p>\n","protected":false},"excerpt":{"rendered":"<p>Tu\u017eila\u0161tvo Bosne i Hercegovine podiglo je optu\u017enicu u predmetu \u201cRespiratori\u201d. Kako je saop\u0107eno iz Tu\u017eila\u0161tva, optu\u017enicom su obuhva\u0107eni Fadil Novali\u0107, Fahrudin Solak, Fikret Hod\u017ei\u0107, F.H. Srebrena malina d.o.o. Srebrenica, te Jelka Mili\u0107evi\u0107. Optu\u017eenima Fadilu Novali\u0107u, Fahrudinu Solaku i Fikretu Hod\u017ei\u0107, kao i pravnoj osobi F.H. Srebrena malina d.o.o. Srebrenica, stavlja se na teret da su [&hellip;]<\/p>\n","protected":false},"author":59,"featured_media":20184,"comment_status":"closed","ping_status":"closed","sticky":false,"template":"","format":"standard","meta":{"inline_featured_image":false,"footnotes":""},"categories":[284,38],"tags":[],"class_list":{"0":"post-20183","1":"post","2":"type-post","3":"status-publish","4":"format-standard","5":"has-post-thumbnail","7":"category-izdvojeno","8":"category-vijesti-iz-bih"},"acf":[],"_links":{"self":[{"href":"https:\/\/tvsensor.com\/api\/wp\/v2\/posts\/20183","targetHints":{"allow":["GET"]}}],"collection":[{"href":"https:\/\/tvsensor.com\/api\/wp\/v2\/posts"}],"about":[{"href":"https:\/\/tvsensor.com\/api\/wp\/v2\/types\/post"}],"author":[{"embeddable":true,"href":"https:\/\/tvsensor.com\/api\/wp\/v2\/users\/59"}],"replies":[{"embeddable":true,"href":"https:\/\/tvsensor.com\/api\/wp\/v2\/comments?post=20183"}],"version-history":[{"count":1,"href":"https:\/\/tvsensor.com\/api\/wp\/v2\/posts\/20183\/revisions"}],"predecessor-version":[{"id":20185,"href":"https:\/\/tvsensor.com\/api\/wp\/v2\/posts\/20183\/revisions\/20185"}],"wp:featuredmedia":[{"embeddable":true,"href":"https:\/\/tvsensor.com\/api\/wp\/v2\/media\/20184"}],"wp:attachment":[{"href":"https:\/\/tvsensor.com\/api\/wp\/v2\/media?parent=20183"}],"wp:term":[{"taxonomy":"category","embeddable":true,"href":"https:\/\/tvsensor.com\/api\/wp\/v2\/categories?post=20183"},{"taxonomy":"post_tag","embeddable":true,"href":"https:\/\/tvsensor.com\/api\/wp\/v2\/tags?post=20183"}],"curies":[{"name":"wp","href":"https:\/\/api.w.org\/{rel}","templated":true}]}}