{"id":20179,"date":"2020-12-04T14:31:03","date_gmt":"2020-12-04T13:31:03","guid":{"rendered":"https:\/\/senzor.ba\/?p=20179"},"modified":"2024-01-15T21:41:53","modified_gmt":"2024-01-15T20:41:53","slug":"opcina-ilidza-odgovor-nacelnika-na-optuzbe-privatnika","status":"publish","type":"post","link":"https:\/\/tvsensor.com\/clanak\/opcina-ilidza-odgovor-nacelnika-na-optuzbe-privatnika\/","title":{"rendered":"Op\u0107ina Ilid\u017ea -Odgovor na\u010delnika na  optu\u017ebe privatnika"},"content":{"rendered":"\n<p>Na izjave ugostitelja koji su za portal klix iznijeli u tekstu pod naslovom \u201cUgostitelji u borbi za ljep\u0161u Ilid\u017eu: Dvije decenije bez rasvjete , kontejnera\u201d objavljenom 4. novembra 2020. gdje je re\u010deno, izme\u0111u ostalog, da su ogor\u010deni korupcijom reagirao je jo\u0161 uvijek aktuelni na\u010delnik prof.dr. Senaid Memi\u0107 i obratio se privatnicima:<\/p>\n\n\n\n<p><br>&#8220;Ukoliko je neko od vas, bilo kome dao novac ili ako ima dokaz da je platio ne\u0161to \u0161to nije du\u017ean platiti, molim vas da se obratite sudu kako bi za\u0161titili svoja prava i sebe kao privatnika. Ako imate dokaze o korupciji du\u017eni ste prijaviti ili predati dokaze, a ne \u201cpetljati\u201d i pri tome dakazivati da nemate pojma da ste sa\u010duvani zadnjih deset godina, da bespravno koristite prostorije, da nemate legalne objekte, da ste smetnja urbanizaciji i da ste upravo vi zagradili prolaze, a vi imate pravo na 30 do 50 kvadratnih metara, a koristite od 200 pa do 400 kvadrata. To \u0161to je corona donijela je na odre\u0111en na\u010din i pravedno, jer s kojim pravom i na koji na\u010din je vama dozvoljeno da uni\u0161tavate i koristite zelene povr\u0161ine, a da za isto drugi stanovnici nisu smjeli ni pomisliti. Va\u0161i bespravni objekti ne mogu biti rje\u0161eni dok se ne rje\u0161e vlasni\u010dki odnosi. Dotle vi morate biti podstanari i zahvaliti samo na dobroj volji na\u010delnika koji je preuzeo rizik za va\u0161e postoje\u0107e objekte jer pitanje je ko bi bio vlasnik kad bi se raspisao javni konkurs . Ne mo\u017eete biti rije\u0161eni ni sa novim ni starim na\u010delnikom dok se va\u0161a prava ne defini\u0161u predradnjama koje ste du\u017eni pro\u0107i. Obratio bih se i gospodinu \u0160urkovi\u0107u koji je kazao da sve \u0161to se do sada radilo bili su \u010disti i li\u010dni interesi. Ko je dobar s na\u010delnikom, taj i dobije. Ja Senaid Memi\u0107 ga podsje\u0107am na pro\u0161le i pretpro\u0161le izbore, kako se upravo on pona\u0161ao, i to kao lik koji samo \u010deka da vidi ko je pobjedio da bi mu se poslije ulizivao. Kad sam ja od tebe \u0160urkovi\u0107u tra\u017eio da se izjasni\u0161 ti si bio slab karakter i ameba koja mjenja lik po potrebi Ako odlazim s funkcije na\u010delnika to ne zna\u010di da ne mogu pokrenuti zakonske procedure koje tebi i takvim kao ti su dozvolile da iskori\u0161tavaju dr\u017eavno vlasni\u0161tvo bez obzira \u0161to je bilo i boljih i hrabrijih i po\u0161tenijih od tebe Va\u0161e po\u0161tenje do\u017eivaljava se tako da koristite objekte koje su u vlasni\u0161tvu Op\u0107ine Ilid\u017ea i vodi se kao zelena povr\u0161ina, jer su objekti nelegalni, nezakoniti i ne mogu biti vo\u0111eni druga\u010dije, a na vama je bilo da napravite izlaze da pla\u0107ate kontejnere i kori\u0161tenje javne povr\u0161ine. U mnogim slu\u010dajevima pla\u0107ali ste kori\u0161tenje od 20 do 40 kvadrata a koristili ste po 400.<br>Ukoliko imate dokaze da vas je neko ucjenjivao ili iskori\u0161tavao du\u017eni ste pokrenuti postupak, ali lagati da biste sakrili svoj lopovluk i blatiti ljude nije ni ljudski ni po\u0161teno. Ako \u017eelite da novom na\u010delniku date \u0161ansu da on vama pomogne na zakonit na\u010din to svakako nije 100 dana, ve\u0107 naredne \u010detiri godine. Ono \u0161to ste napravili u svakoj evropskoj zemlji bi bilo sprije\u010deno , ukinuto i sankcionisano&#8221;, u saop\u0107enju navodi na\u010delnik prof.dr. Senaid Memi\u0107.<\/p>\n","protected":false},"excerpt":{"rendered":"<p>Na izjave ugostitelja koji su za portal klix iznijeli u tekstu pod naslovom \u201cUgostitelji u borbi za ljep\u0161u Ilid\u017eu: Dvije decenije bez rasvjete , kontejnera\u201d objavljenom 4. novembra 2020. gdje je re\u010deno, izme\u0111u ostalog, da su ogor\u010deni korupcijom reagirao je jo\u0161 uvijek aktuelni na\u010delnik prof.dr. Senaid Memi\u0107 i obratio se privatnicima: &#8220;Ukoliko je neko od [&hellip;]<\/p>\n","protected":false},"author":7,"featured_media":20180,"comment_status":"closed","ping_status":"closed","sticky":false,"template":"","format":"standard","meta":{"inline_featured_image":false,"footnotes":""},"categories":[37,38],"tags":[],"class_list":{"0":"post-20179","1":"post","2":"type-post","3":"status-publish","4":"format-standard","5":"has-post-thumbnail","7":"category-vijesti","8":"category-vijesti-iz-bih"},"acf":[],"_links":{"self":[{"href":"https:\/\/tvsensor.com\/api\/wp\/v2\/posts\/20179","targetHints":{"allow":["GET"]}}],"collection":[{"href":"https:\/\/tvsensor.com\/api\/wp\/v2\/posts"}],"about":[{"href":"https:\/\/tvsensor.com\/api\/wp\/v2\/types\/post"}],"author":[{"embeddable":true,"href":"https:\/\/tvsensor.com\/api\/wp\/v2\/users\/7"}],"replies":[{"embeddable":true,"href":"https:\/\/tvsensor.com\/api\/wp\/v2\/comments?post=20179"}],"version-history":[{"count":2,"href":"https:\/\/tvsensor.com\/api\/wp\/v2\/posts\/20179\/revisions"}],"predecessor-version":[{"id":20182,"href":"https:\/\/tvsensor.com\/api\/wp\/v2\/posts\/20179\/revisions\/20182"}],"wp:featuredmedia":[{"embeddable":true,"href":"https:\/\/tvsensor.com\/api\/wp\/v2\/media\/20180"}],"wp:attachment":[{"href":"https:\/\/tvsensor.com\/api\/wp\/v2\/media?parent=20179"}],"wp:term":[{"taxonomy":"category","embeddable":true,"href":"https:\/\/tvsensor.com\/api\/wp\/v2\/categories?post=20179"},{"taxonomy":"post_tag","embeddable":true,"href":"https:\/\/tvsensor.com\/api\/wp\/v2\/tags?post=20179"}],"curies":[{"name":"wp","href":"https:\/\/api.w.org\/{rel}","templated":true}]}}