{"id":20164,"date":"2020-12-03T15:38:24","date_gmt":"2020-12-03T14:38:24","guid":{"rendered":"https:\/\/senzor.ba\/?p=20164"},"modified":"2024-01-15T21:41:54","modified_gmt":"2024-01-15T20:41:54","slug":"ove-godine-u-federaciji-bih-254-posto-manje-prvacica","status":"publish","type":"post","link":"https:\/\/tvsensor.com\/clanak\/ove-godine-u-federaciji-bih-254-posto-manje-prvacica\/","title":{"rendered":"Ove godine u Federaciji BiH 2,54 posto manje prva\u010di\u0107a"},"content":{"rendered":"\n<p>Analiza podataka o u\u010denicima upisanim u prvi razred osnovnih \u0161kola u bosanskohercegova\u010dkom entitetu Federacija Bosne i Hercegovine ukazuje na evidentan nastavak trenda smanjenja njihovog broja. U \u0161kolskoj 2020\/21. godini broj u\u010denika upisanih u prvi razred osnovne \u0161kole manji je za 484 ili 2,54 posto u odnosu na godinu prije.<\/p>\n\n\n\n<p>Federalna vlada je prihvatila informaciju o upisu u\u010denika u osnovne i srednje \u0161kole u \u0161kolskoj 2020\/21. godini u Federaciji BiH, s predlo\u017eenim preporukama, te zadu\u017eila Generalni sekretarijat da ovaj dokument uputi vladama kantona.<\/p>\n\n\n\n<p>Ova \u0161kolska godina, navedeno je u informaciji, odvija se u svjetlu posebnih okolnosti uzrokovanih pandemijom COVID-19, pa su prilikom dono\u0161enja odluka o datumu po\u010detka i na\u010dinu realizacije nastave kantonalna ministarstva obrazovanja uva\u017eavala smjernice i preporuke predstavnika resora zdravstva i obrazovanja s federalnog i kantonalnog nivoa, kao i mi\u0161ljenja i uputstva epidemiologa. Tako su se svi kantoni opredijelili za kombinirani model nastave &#8211; u u\u010dionici i online.<\/p>\n\n\n\n<p>U odnosu na prethodnu \u0161kolsku godinu, broj prva\u010di\u0107a je smanjen za 484 ili 2,54 posto. U periodu od \u0161kolske 2015\/16. do \u0161kolske 2020\/21. godine broj u\u010denika prvih razreda manji je za 3.290 ili 15,03 posto, a primjetno je i kontinuirano smanjenje ukupnog broja u\u010denika osnovnih \u0161kola. Tako je, prema zbirnim podacima za Federaciju BiH, broj u\u010denika osnovnih \u0161kola u ovom periodu smanjen za 13.494 u\u010denika ili 7,08 posto.<\/p>\n\n\n\n<p>Podaci za ovu&nbsp;\u0161kolsku godinu, izuzev\u0161i Posavski, Srednjobosanski, Zapadnohercegova\u010dki i Kanton 10 koji nisu dostavili podatke, tako\u0111er ukazuju na&nbsp;nastavak trenda smanjenja broja u\u010denika upisanih u prvi razred srednjih \u0161kola.<\/p>\n\n\n\n<p>Trend kontinuiranog smanjenja zabilje\u017een je i kada je rije\u010d o podacima o ukupnom broju u\u010denika srednjih \u0161kola u Federaciji BiH. Najve\u0107e procentualno smanjenje u \u0161estogodi\u0161njem periodu zabilje\u017eeno je u Unsko-sanskom kantonu (27,75 posto), Hercegova\u010dko-neretvanskom kantonu (27,16 posto) i Bosansko-podrinjskom kantonu Gora\u017ede (22,79 posto).<\/p>\n\n\n\n<p>Pandemija COVID-19 negativno je uticala i na realizaciju obaveznog programa pred\u0161kolskog odgoja i obrazovanja u godini pred polazak u osnovnu \u0161kolu, koji u pojedinim kantonima nije realizovan zbog zatvaranja odgojno-obrazovnih ustanova (u drugoj polovini marta 2020. godine) ili je realizacija prekinuta prije okon\u010danja programa.<\/p>\n\n\n\n<p>Izvor: AA<\/p>\n","protected":false},"excerpt":{"rendered":"<p>Analiza podataka o u\u010denicima upisanim u prvi razred osnovnih \u0161kola u bosanskohercegova\u010dkom entitetu Federacija Bosne i Hercegovine ukazuje na evidentan nastavak trenda smanjenja njihovog broja. U \u0161kolskoj 2020\/21. godini broj u\u010denika upisanih u prvi razred osnovne \u0161kole manji je za 484 ili 2,54 posto u odnosu na godinu prije. Federalna vlada je prihvatila informaciju o [&hellip;]<\/p>\n","protected":false},"author":7,"featured_media":20165,"comment_status":"closed","ping_status":"closed","sticky":false,"template":"","format":"standard","meta":{"inline_featured_image":false,"footnotes":""},"categories":[37,38],"tags":[],"class_list":{"0":"post-20164","1":"post","2":"type-post","3":"status-publish","4":"format-standard","5":"has-post-thumbnail","7":"category-vijesti","8":"category-vijesti-iz-bih"},"acf":[],"_links":{"self":[{"href":"https:\/\/tvsensor.com\/api\/wp\/v2\/posts\/20164","targetHints":{"allow":["GET"]}}],"collection":[{"href":"https:\/\/tvsensor.com\/api\/wp\/v2\/posts"}],"about":[{"href":"https:\/\/tvsensor.com\/api\/wp\/v2\/types\/post"}],"author":[{"embeddable":true,"href":"https:\/\/tvsensor.com\/api\/wp\/v2\/users\/7"}],"replies":[{"embeddable":true,"href":"https:\/\/tvsensor.com\/api\/wp\/v2\/comments?post=20164"}],"version-history":[{"count":2,"href":"https:\/\/tvsensor.com\/api\/wp\/v2\/posts\/20164\/revisions"}],"predecessor-version":[{"id":20167,"href":"https:\/\/tvsensor.com\/api\/wp\/v2\/posts\/20164\/revisions\/20167"}],"wp:featuredmedia":[{"embeddable":true,"href":"https:\/\/tvsensor.com\/api\/wp\/v2\/media\/20165"}],"wp:attachment":[{"href":"https:\/\/tvsensor.com\/api\/wp\/v2\/media?parent=20164"}],"wp:term":[{"taxonomy":"category","embeddable":true,"href":"https:\/\/tvsensor.com\/api\/wp\/v2\/categories?post=20164"},{"taxonomy":"post_tag","embeddable":true,"href":"https:\/\/tvsensor.com\/api\/wp\/v2\/tags?post=20164"}],"curies":[{"name":"wp","href":"https:\/\/api.w.org\/{rel}","templated":true}]}}