{"id":20160,"date":"2020-12-03T15:34:40","date_gmt":"2020-12-03T14:34:40","guid":{"rendered":"https:\/\/senzor.ba\/?p=20160"},"modified":"2024-01-15T21:41:54","modified_gmt":"2024-01-15T20:41:54","slug":"kardinal-puljic-hospitaliziran-stanje-stabilno","status":"publish","type":"post","link":"https:\/\/tvsensor.com\/clanak\/kardinal-puljic-hospitaliziran-stanje-stabilno\/","title":{"rendered":"Kardinal Pulji\u0107 hospitaliziran &#8211; stanje stabilno"},"content":{"rendered":"\n<p>Nadbiskup metropolit vrhbosanski kardinal Vinko Pulji\u0107 uslijed zaraze koronavirusom smje\u0161ten je u Covid odjel Op\u0107e bolnice \u201ePrim. dr. Abdulah Naka\u0161&#8221; u Sarajevu.<\/p>\n\n\n\n<p>Prema rije\u010dima lije\u010dnika iz spomenute zdravstvene ustanove stanje kardinala Pulji\u0107a je stabilno.<\/p>\n\n\n\n<p>Vrhbosanska nadbiskupija jo\u0161 jednom poziva vjernike na molitvu za nadbiskupovo zdravlje te upu\u0107uje apel svima na odgovorno pona\u0161anje i po\u0161tovanje svih epidemiolo\u0161kih mjera koje su donijele nadle\u017ene institucije.<\/p>\n\n\n\n<p>Izvor: federalna.ba<\/p>\n","protected":false},"excerpt":{"rendered":"<p>Nadbiskup metropolit vrhbosanski kardinal Vinko Pulji\u0107 uslijed zaraze koronavirusom smje\u0161ten je u Covid odjel Op\u0107e bolnice \u201ePrim. dr. Abdulah Naka\u0161&#8221; u Sarajevu. Prema rije\u010dima lije\u010dnika iz spomenute zdravstvene ustanove stanje kardinala Pulji\u0107a je stabilno. Vrhbosanska nadbiskupija jo\u0161 jednom poziva vjernike na molitvu za nadbiskupovo zdravlje te upu\u0107uje apel svima na odgovorno pona\u0161anje i po\u0161tovanje svih [&hellip;]<\/p>\n","protected":false},"author":7,"featured_media":20161,"comment_status":"closed","ping_status":"closed","sticky":false,"template":"","format":"standard","meta":{"inline_featured_image":false,"footnotes":""},"categories":[37,38],"tags":[],"class_list":{"0":"post-20160","1":"post","2":"type-post","3":"status-publish","4":"format-standard","5":"has-post-thumbnail","7":"category-vijesti","8":"category-vijesti-iz-bih"},"acf":[],"_links":{"self":[{"href":"https:\/\/tvsensor.com\/api\/wp\/v2\/posts\/20160","targetHints":{"allow":["GET"]}}],"collection":[{"href":"https:\/\/tvsensor.com\/api\/wp\/v2\/posts"}],"about":[{"href":"https:\/\/tvsensor.com\/api\/wp\/v2\/types\/post"}],"author":[{"embeddable":true,"href":"https:\/\/tvsensor.com\/api\/wp\/v2\/users\/7"}],"replies":[{"embeddable":true,"href":"https:\/\/tvsensor.com\/api\/wp\/v2\/comments?post=20160"}],"version-history":[{"count":2,"href":"https:\/\/tvsensor.com\/api\/wp\/v2\/posts\/20160\/revisions"}],"predecessor-version":[{"id":20163,"href":"https:\/\/tvsensor.com\/api\/wp\/v2\/posts\/20160\/revisions\/20163"}],"wp:featuredmedia":[{"embeddable":true,"href":"https:\/\/tvsensor.com\/api\/wp\/v2\/media\/20161"}],"wp:attachment":[{"href":"https:\/\/tvsensor.com\/api\/wp\/v2\/media?parent=20160"}],"wp:term":[{"taxonomy":"category","embeddable":true,"href":"https:\/\/tvsensor.com\/api\/wp\/v2\/categories?post=20160"},{"taxonomy":"post_tag","embeddable":true,"href":"https:\/\/tvsensor.com\/api\/wp\/v2\/tags?post=20160"}],"curies":[{"name":"wp","href":"https:\/\/api.w.org\/{rel}","templated":true}]}}