{"id":20155,"date":"2020-12-03T12:04:25","date_gmt":"2020-12-03T11:04:25","guid":{"rendered":"https:\/\/senzor.ba\/?p=20155"},"modified":"2024-01-15T21:41:54","modified_gmt":"2024-01-15T20:41:54","slug":"mehmedovic-da-je-srece-da-se-i-kod-nas-podrazumijeva-ostavka-nakon-nemoralnih-poteza","status":"publish","type":"post","link":"https:\/\/tvsensor.com\/clanak\/mehmedovic-da-je-srece-da-se-i-kod-nas-podrazumijeva-ostavka-nakon-nemoralnih-poteza\/","title":{"rendered":"Mehmedovi\u0107: Da je sre\u0107e da se i kod nas &#8220;podrazumijeva&#8221; ostavka nakon nemoralnih poteza"},"content":{"rendered":"\n<p>\u0160emsudin Mehmedovi\u0107, zastupnik Stranke demokratske akcije u Parlamentu Bosne i Hercegovine, podr\u017eao je odluku Sa\u0161e Magazinovi\u0107a da podnese ostavku na poziciju predsjednika Glavnog odbora Socijaldemokratske partije BiH, izraziv\u0161i nadu da \u0107e to u\u0107i u bh. politi\u010dku praksu.<\/p>\n\n\n\n<p>&#8220;Uva\u017eeni kolega, \u017eelim i na ovaj na\u010din da izrazim respekt prema potezu koji ste napravili kao pojedinac, jer to ulazi u politi\u010dku praksu. Ovo je ne\u0161to \u0161to \u0107e sigurno u\u0107i u politi\u010dku praksu kod svih demokratski odre\u0111enih ljudi. Stoga pozdravljam ovakav pristup. Da je sre\u0107e pa da imamo vi\u0161e ovakvih poteza, te da se i kod nas &#8216;podrazumijeva&#8217; ostavka nakon politi\u010dki nemoralnih i nezakonitih poteza pojedinaca, iz koje god politi\u010dke opcije bili&#8221;, napisao je Mehmedovi\u0107 u komentaru na Magazinovi\u0107ev post na Facebooku.<\/p>\n\n\n\n<figure class=\"wp-block-image size-large\"><img loading=\"lazy\" decoding=\"async\" width=\"694\" height=\"462\" src=\"https:\/\/tvsensor.com\/wp-content\/uploads\/2020\/12\/image.jpg\" alt=\"\" class=\"wp-image-20156\" srcset=\"https:\/\/tvsensor.com\/wp-content\/uploads\/2020\/12\/image.jpg 694w, https:\/\/tvsensor.com\/wp-content\/uploads\/2020\/12\/image-150x100.jpg 150w, https:\/\/tvsensor.com\/wp-content\/uploads\/2020\/12\/image-300x200.jpg 300w\" sizes=\"auto, (max-width: 694px) 100vw, 694px\" \/><\/figure>\n\n\n\n<p>Podsje\u0107amo, Magazinovi\u0107 je zbog izbornih prevara u Srebrenici podnio ostavku na mjesto predsjednika Glavnog odbora Socijaldemokratske partije BiH, poru\u010div\u0161i da osje\u0107a bol zbog navoda da su u malverzacijama u\u010destvovali \u010dlanovi njegove partije.<\/p>\n","protected":false},"excerpt":{"rendered":"<p>\u0160emsudin Mehmedovi\u0107, zastupnik Stranke demokratske akcije u Parlamentu Bosne i Hercegovine, podr\u017eao je odluku Sa\u0161e Magazinovi\u0107a da podnese ostavku na poziciju predsjednika Glavnog odbora Socijaldemokratske partije BiH, izraziv\u0161i nadu da \u0107e to u\u0107i u bh. politi\u010dku praksu. &#8220;Uva\u017eeni kolega, \u017eelim i na ovaj na\u010din da izrazim respekt prema potezu koji ste napravili kao pojedinac, jer [&hellip;]<\/p>\n","protected":false},"author":59,"featured_media":20157,"comment_status":"closed","ping_status":"closed","sticky":false,"template":"","format":"standard","meta":{"inline_featured_image":false,"footnotes":""},"categories":[38],"tags":[],"class_list":{"0":"post-20155","1":"post","2":"type-post","3":"status-publish","4":"format-standard","5":"has-post-thumbnail","7":"category-vijesti-iz-bih"},"acf":[],"_links":{"self":[{"href":"https:\/\/tvsensor.com\/api\/wp\/v2\/posts\/20155","targetHints":{"allow":["GET"]}}],"collection":[{"href":"https:\/\/tvsensor.com\/api\/wp\/v2\/posts"}],"about":[{"href":"https:\/\/tvsensor.com\/api\/wp\/v2\/types\/post"}],"author":[{"embeddable":true,"href":"https:\/\/tvsensor.com\/api\/wp\/v2\/users\/59"}],"replies":[{"embeddable":true,"href":"https:\/\/tvsensor.com\/api\/wp\/v2\/comments?post=20155"}],"version-history":[{"count":1,"href":"https:\/\/tvsensor.com\/api\/wp\/v2\/posts\/20155\/revisions"}],"predecessor-version":[{"id":20158,"href":"https:\/\/tvsensor.com\/api\/wp\/v2\/posts\/20155\/revisions\/20158"}],"wp:featuredmedia":[{"embeddable":true,"href":"https:\/\/tvsensor.com\/api\/wp\/v2\/media\/20157"}],"wp:attachment":[{"href":"https:\/\/tvsensor.com\/api\/wp\/v2\/media?parent=20155"}],"wp:term":[{"taxonomy":"category","embeddable":true,"href":"https:\/\/tvsensor.com\/api\/wp\/v2\/categories?post=20155"},{"taxonomy":"post_tag","embeddable":true,"href":"https:\/\/tvsensor.com\/api\/wp\/v2\/tags?post=20155"}],"curies":[{"name":"wp","href":"https:\/\/api.w.org\/{rel}","templated":true}]}}