{"id":20123,"date":"2020-12-02T14:26:23","date_gmt":"2020-12-02T13:26:23","guid":{"rendered":"https:\/\/senzor.ba\/?p=20123"},"modified":"2024-01-15T21:41:56","modified_gmt":"2024-01-15T20:41:56","slug":"ratni-zlocinac-seselj-hvali-draska-stanivukovica","status":"publish","type":"post","link":"https:\/\/tvsensor.com\/clanak\/ratni-zlocinac-seselj-hvali-draska-stanivukovica\/","title":{"rendered":"Ratni zlo\u010dinac \u0160e\u0161elj hvali Dra\u0161ka Stanivukovi\u0107a"},"content":{"rendered":"\n<p>Negiranjem genocida u Srebrenici, glorificiranjem \u010detni\u010dkog pokreta, nepriznavanjem presuda Ha\u0161kog tribunala,&nbsp;<strong>&#8220;lijepi de\u010dko bh. politike&#8221;, Dra\u0161ko Stanivukovi\u0107, uspio je da zaslu\u017ei javnu pohvalu lidera radikala u Srbiji, politi\u010dkog oca predsjednika Srbije Aleksandra Vu\u010di\u0107a i osu\u0111enog ratnog zlo\u010dinca &#8211; Vojislava \u0160e\u0161elja<\/strong>.<\/p>\n\n\n\n<p>\u0160e\u0161elj je u jutarnjem programu&nbsp;<em>Hepi TV<\/em>&nbsp;izjavio &#8220;da je Dra\u0161ko Stanivukovi\u0107 veliki potencijal&#8221;, te da lider SNSD&nbsp;<strong>Milorad Dodik<\/strong>&nbsp;&#8220;pravi gre\u0161ku jer se sukobljava sa njim&#8221;.<\/p>\n\n\n\n<p>&#8220;Umjesto Dodik da tra\u017ei zajedni\u010dki jezik sa njim, da mu se izvini, on prijeti da \u0107e Banjalu\u010dane da kazni \u0161to su glasali za njega&#8221; kazao je \u0160e\u0161elj, prenosi&nbsp;<em>BN<\/em>.<\/p>\n\n\n\n<p>Nadalje, on je rekao da je Stanivukovi\u0107 &#8220;interesantan politi\u010dar&#8221;.<\/p>\n\n\n\n<p>&#8220;Treba jo\u0161 da u\u010di, ali ima veliki potencijal.&nbsp;<strong>On je inteligentan, hladnokrvan i izlazi iz svakog sukoba sa politi\u010dkim protivnicima kao pobjednik<\/strong>, jer ih tako hladan raspame\u0107uje.<\/p>\n\n\n\n<p>Dodik pravi gre\u0161ku jer se sukobljava sa njim i kandidovao je \u010dovjeka koji se izja\u0161njava kao Crnogorac za gradona\u010delnika Banjaluke. Ne\u0107e Srbi vi\u0161e da glasaju za takve&#8221;, zaklju\u010dio je \u0160e\u0161elj.<\/p>\n\n\n\n<figure class=\"wp-block-embed-youtube wp-block-embed is-type-video is-provider-youtube wp-embed-aspect-16-9 wp-has-aspect-ratio\"><div class=\"wp-block-embed__wrapper\">\n<iframe loading=\"lazy\" title=\"Dr Seselj - Da nije pao Varazdinski korpus, Hrvatska se nikad ne bi otcepila od SFRJ - 01.12.2020.\" width=\"696\" height=\"392\" src=\"https:\/\/www.youtube.com\/embed\/GHKDPJOa0uw?feature=oembed&#038;enablejsapi=1\" frameborder=\"0\" allow=\"accelerometer; autoplay; clipboard-write; encrypted-media; gyroscope; picture-in-picture\" allowfullscreen><\/iframe>\n<\/div><\/figure>\n","protected":false},"excerpt":{"rendered":"<p>Negiranjem genocida u Srebrenici, glorificiranjem \u010detni\u010dkog pokreta, nepriznavanjem presuda Ha\u0161kog tribunala,&nbsp;&#8220;lijepi de\u010dko bh. politike&#8221;, Dra\u0161ko Stanivukovi\u0107, uspio je da zaslu\u017ei javnu pohvalu lidera radikala u Srbiji, politi\u010dkog oca predsjednika Srbije Aleksandra Vu\u010di\u0107a i osu\u0111enog ratnog zlo\u010dinca &#8211; Vojislava \u0160e\u0161elja. \u0160e\u0161elj je u jutarnjem programu&nbsp;Hepi TV&nbsp;izjavio &#8220;da je Dra\u0161ko Stanivukovi\u0107 veliki potencijal&#8221;, te da lider SNSD&nbsp;Milorad [&hellip;]<\/p>\n","protected":false},"author":59,"featured_media":20124,"comment_status":"closed","ping_status":"closed","sticky":false,"template":"","format":"standard","meta":{"inline_featured_image":false,"footnotes":""},"categories":[40],"tags":[],"class_list":{"0":"post-20123","1":"post","2":"type-post","3":"status-publish","4":"format-standard","5":"has-post-thumbnail","7":"category-region"},"acf":[],"_links":{"self":[{"href":"https:\/\/tvsensor.com\/api\/wp\/v2\/posts\/20123","targetHints":{"allow":["GET"]}}],"collection":[{"href":"https:\/\/tvsensor.com\/api\/wp\/v2\/posts"}],"about":[{"href":"https:\/\/tvsensor.com\/api\/wp\/v2\/types\/post"}],"author":[{"embeddable":true,"href":"https:\/\/tvsensor.com\/api\/wp\/v2\/users\/59"}],"replies":[{"embeddable":true,"href":"https:\/\/tvsensor.com\/api\/wp\/v2\/comments?post=20123"}],"version-history":[{"count":2,"href":"https:\/\/tvsensor.com\/api\/wp\/v2\/posts\/20123\/revisions"}],"predecessor-version":[{"id":20126,"href":"https:\/\/tvsensor.com\/api\/wp\/v2\/posts\/20123\/revisions\/20126"}],"wp:featuredmedia":[{"embeddable":true,"href":"https:\/\/tvsensor.com\/api\/wp\/v2\/media\/20124"}],"wp:attachment":[{"href":"https:\/\/tvsensor.com\/api\/wp\/v2\/media?parent=20123"}],"wp:term":[{"taxonomy":"category","embeddable":true,"href":"https:\/\/tvsensor.com\/api\/wp\/v2\/categories?post=20123"},{"taxonomy":"post_tag","embeddable":true,"href":"https:\/\/tvsensor.com\/api\/wp\/v2\/tags?post=20123"}],"curies":[{"name":"wp","href":"https:\/\/api.w.org\/{rel}","templated":true}]}}