{"id":20119,"date":"2020-12-02T13:59:33","date_gmt":"2020-12-02T12:59:33","guid":{"rendered":"https:\/\/senzor.ba\/?p=20119"},"modified":"2024-01-15T21:41:56","modified_gmt":"2024-01-15T20:41:56","slug":"naredba-o-provodjenju-istrage-protiv-mehmedagica-cikotica-i-druskica","status":"publish","type":"post","link":"https:\/\/tvsensor.com\/clanak\/naredba-o-provodjenju-istrage-protiv-mehmedagica-cikotica-i-druskica\/","title":{"rendered":"Naredba o provo\u0111enju istrage protiv Mehmedagi\u0107a, Cikoti\u0107a i Dru\u0161ki\u0107a"},"content":{"rendered":"\n<p>Tu\u017eiteljstvo Bosne i Hercegovine donijelo je Naredbu o provo\u0111enju istrage protiv Mehmedagi\u0107 Osmana-Generalnog direktora OSA BiH, Cikoti\u0107 Selme-Ministra sigurnosti u Vije\u0107u ministara BiH, i Dru\u0161ki\u0107 Muriza-umirovljenog rukovode\u0107eg djelatnika OSA BiH, i aktuelnog \u010dlana Drugostupanjske Komisije Vije\u0107a ministara BiH za postupanje po \u017ealbama u predmetima sigurnosnog provjeravanja.\u00a0<\/p>\n\n\n\n<p>Stavlja im se na teret izvr\u0161enje kaznenog djela Zlouporaba polo\u017eaja ili ovlasti u svezi sa nezakonitim imenovanjem i sudjelovanjem\u00a0 u radu komisije, \u0161to je izazvalo za posljedicu stvaranje op\u0107e pravne nesigurnosti za postupanje u predmetima sigurnosih provjera.<\/p>\n\n\n\n<p>Izvor: federalna.ba<\/p>\n","protected":false},"excerpt":{"rendered":"<p>Tu\u017eiteljstvo Bosne i Hercegovine donijelo je Naredbu o provo\u0111enju istrage protiv Mehmedagi\u0107 Osmana-Generalnog direktora OSA BiH, Cikoti\u0107 Selme-Ministra sigurnosti u Vije\u0107u ministara BiH, i Dru\u0161ki\u0107 Muriza-umirovljenog rukovode\u0107eg djelatnika OSA BiH, i aktuelnog \u010dlana Drugostupanjske Komisije Vije\u0107a ministara BiH za postupanje po \u017ealbama u predmetima sigurnosnog provjeravanja.\u00a0 Stavlja im se na teret izvr\u0161enje kaznenog djela Zlouporaba [&hellip;]<\/p>\n","protected":false},"author":7,"featured_media":20120,"comment_status":"closed","ping_status":"closed","sticky":false,"template":"","format":"standard","meta":{"inline_featured_image":false,"footnotes":""},"categories":[37,38],"tags":[],"class_list":{"0":"post-20119","1":"post","2":"type-post","3":"status-publish","4":"format-standard","5":"has-post-thumbnail","7":"category-vijesti","8":"category-vijesti-iz-bih"},"acf":[],"_links":{"self":[{"href":"https:\/\/tvsensor.com\/api\/wp\/v2\/posts\/20119","targetHints":{"allow":["GET"]}}],"collection":[{"href":"https:\/\/tvsensor.com\/api\/wp\/v2\/posts"}],"about":[{"href":"https:\/\/tvsensor.com\/api\/wp\/v2\/types\/post"}],"author":[{"embeddable":true,"href":"https:\/\/tvsensor.com\/api\/wp\/v2\/users\/7"}],"replies":[{"embeddable":true,"href":"https:\/\/tvsensor.com\/api\/wp\/v2\/comments?post=20119"}],"version-history":[{"count":2,"href":"https:\/\/tvsensor.com\/api\/wp\/v2\/posts\/20119\/revisions"}],"predecessor-version":[{"id":20122,"href":"https:\/\/tvsensor.com\/api\/wp\/v2\/posts\/20119\/revisions\/20122"}],"wp:featuredmedia":[{"embeddable":true,"href":"https:\/\/tvsensor.com\/api\/wp\/v2\/media\/20120"}],"wp:attachment":[{"href":"https:\/\/tvsensor.com\/api\/wp\/v2\/media?parent=20119"}],"wp:term":[{"taxonomy":"category","embeddable":true,"href":"https:\/\/tvsensor.com\/api\/wp\/v2\/categories?post=20119"},{"taxonomy":"post_tag","embeddable":true,"href":"https:\/\/tvsensor.com\/api\/wp\/v2\/tags?post=20119"}],"curies":[{"name":"wp","href":"https:\/\/api.w.org\/{rel}","templated":true}]}}