{"id":20111,"date":"2020-12-02T13:52:50","date_gmt":"2020-12-02T12:52:50","guid":{"rendered":"https:\/\/senzor.ba\/?p=20111"},"modified":"2024-01-15T21:41:57","modified_gmt":"2024-01-15T20:41:57","slug":"magazinovic-podnio-ostavku-na-mjesto-predsjednika-glavnog-odbora-sdp-a","status":"publish","type":"post","link":"https:\/\/tvsensor.com\/clanak\/magazinovic-podnio-ostavku-na-mjesto-predsjednika-glavnog-odbora-sdp-a\/","title":{"rendered":"Magazinovi\u0107 podnio ostavku na mjesto predsjednika Glavnog odbora SDP-a"},"content":{"rendered":"\n<p>Predsjednik Glavnog odbora Sociojaldemokratske partije BiH Sa\u0161a Magazinovi\u0107 podnio je ostavku na tu funkciju, dan nakon \u0161to je SIPA uhapsila tri osobe, uklju\u010duju\u0107i Begu Bekti\u0107a, sada ve\u0107 biv\u0161eg predsjednika organizacije SDP-a Srebrenica, zbog izbornih malverzacija.<\/p>\n\n\n\n<p>Kako je Magazinovi\u0107 objavio na dru\u0161tvenim mre\u017eama, nastavit \u0107e davati svoj doprinos SDP-u jednakim intenzitetom kao i do sada.<\/p>\n\n\n\n<p>&#8211; Ova odluka ima veze samo sa mnom i nije dio ni\u010dega \u0161to bi mogli druga\u010dije interpretirati.&nbsp;Nikada me moje ime nije sprje\u010davalo da kao i svaki drugi \u010dovjek zdravog srca i uma, osje\u0107am ogromnu bol zbog Srebrenice.&nbsp;Isto tako me nikada pripadnost nekoj grupi nije sprje\u010davala da razlu\u010dim dobro od lo\u0161ega, pa i onda kad je lo\u0161e tu, me\u0111u nama.&nbsp;Ovaj put lo\u0161e je me\u0111u nama. Gre\u0161ke su velike, a borba za njihovo ispravljanje mora biti daleko ve\u0107a &#8211; napisao je.<\/p>\n\n\n\n<p>Kako je istaknuo, njegova&nbsp;odgovornost je moralna.<\/p>\n\n\n\n<p>&#8211; Bez ikakve namjere, bez ikakve \u017eelje &#8211; u trenucima kada \u010dovjek vodi svoje borbe i pro\u017eivljava vlastite gubitke, dogodi se da ostavi otvoren prostor koji je do tada \u0161titio.&nbsp;Moramo se u\u010diti odgovornosti. Moramo konzumirati evropsku demokratsku kulturu. Ne smijemo se praviti da nas se ne ti\u010de. Trebamo prestati okretati glavu od problema. Kada se dese krupne gre\u0161ke, nije ba\u0161 da se mo\u017eemo pona\u0161ati kao da je sve u redu.&nbsp;Zbog toga podnosim ostavku na funkciju predsjednika Glavnog odbora SDP BiH. To je jedini smislen i odgovoran potez koji mogu u\u010diniti u ovom trenutku, budu\u0107i da cijelu svoju politi\u010dku karijeru insistiram na odgovornosti, kako onih koji grije\u0161e i \u010dine lo\u0161e, tako i onih koji ne\u010dinjenjem sudjeluju u tome. Pa makar ta odgovornost bila moralna &#8211; napisao je, izme\u0111u ostalog, Magazinovi\u0107.<\/p>\n\n\n\n<p>Izvor: Fena<\/p>\n","protected":false},"excerpt":{"rendered":"<p>Predsjednik Glavnog odbora Sociojaldemokratske partije BiH Sa\u0161a Magazinovi\u0107 podnio je ostavku na tu funkciju, dan nakon \u0161to je SIPA uhapsila tri osobe, uklju\u010duju\u0107i Begu Bekti\u0107a, sada ve\u0107 biv\u0161eg predsjednika organizacije SDP-a Srebrenica, zbog izbornih malverzacija. Kako je Magazinovi\u0107 objavio na dru\u0161tvenim mre\u017eama, nastavit \u0107e davati svoj doprinos SDP-u jednakim intenzitetom kao i do sada. &#8211; [&hellip;]<\/p>\n","protected":false},"author":7,"featured_media":20112,"comment_status":"closed","ping_status":"closed","sticky":false,"template":"","format":"standard","meta":{"inline_featured_image":false,"footnotes":""},"categories":[234,37,38],"tags":[],"class_list":{"0":"post-20111","1":"post","2":"type-post","3":"status-publish","4":"format-standard","5":"has-post-thumbnail","7":"category-politika","8":"category-vijesti","9":"category-vijesti-iz-bih"},"acf":[],"_links":{"self":[{"href":"https:\/\/tvsensor.com\/api\/wp\/v2\/posts\/20111","targetHints":{"allow":["GET"]}}],"collection":[{"href":"https:\/\/tvsensor.com\/api\/wp\/v2\/posts"}],"about":[{"href":"https:\/\/tvsensor.com\/api\/wp\/v2\/types\/post"}],"author":[{"embeddable":true,"href":"https:\/\/tvsensor.com\/api\/wp\/v2\/users\/7"}],"replies":[{"embeddable":true,"href":"https:\/\/tvsensor.com\/api\/wp\/v2\/comments?post=20111"}],"version-history":[{"count":2,"href":"https:\/\/tvsensor.com\/api\/wp\/v2\/posts\/20111\/revisions"}],"predecessor-version":[{"id":20114,"href":"https:\/\/tvsensor.com\/api\/wp\/v2\/posts\/20111\/revisions\/20114"}],"wp:featuredmedia":[{"embeddable":true,"href":"https:\/\/tvsensor.com\/api\/wp\/v2\/media\/20112"}],"wp:attachment":[{"href":"https:\/\/tvsensor.com\/api\/wp\/v2\/media?parent=20111"}],"wp:term":[{"taxonomy":"category","embeddable":true,"href":"https:\/\/tvsensor.com\/api\/wp\/v2\/categories?post=20111"},{"taxonomy":"post_tag","embeddable":true,"href":"https:\/\/tvsensor.com\/api\/wp\/v2\/tags?post=20111"}],"curies":[{"name":"wp","href":"https:\/\/api.w.org\/{rel}","templated":true}]}}