{"id":20099,"date":"2020-12-02T10:57:54","date_gmt":"2020-12-02T09:57:54","guid":{"rendered":"https:\/\/senzor.ba\/?p=20099"},"modified":"2024-01-15T21:41:57","modified_gmt":"2024-01-15T20:41:57","slug":"uskoro-u-sarajevu-prvi-festival-zdravlja","status":"publish","type":"post","link":"https:\/\/tvsensor.com\/clanak\/uskoro-u-sarajevu-prvi-festival-zdravlja\/","title":{"rendered":"Uskoro u Sarajevu prvi \u00abFestival zdravlja\u00bb"},"content":{"rendered":"\n<p>Prvi \u201cFestival zdravlja\u201d odr\u017eat \u0107e se 12. decembra 2020. godine u Sarajevu u organizaciji Bistroa Zdravo. \u201cFestival zdravlja\u201d ima za cilj edukaciju o zdravom na\u010dinu \u017eivota, ali i promociju zdravih navika sa cjelovitim pristupom.<\/p>\n\n\n\n<p><br>Glavna tema Festivala su nove spoznaje i na\u010din \u017eivota koji balansira zdravlje, um i tijelo uz bogat program cjelodnevnih aktivnosti. S tim u vezi biti \u0107e odr\u017eani mnogobrojni paneli i predavanja.<\/p>\n\n\n\n<figure class=\"wp-block-image size-large\"><img loading=\"lazy\" decoding=\"async\" width=\"1131\" height=\"1600\" src=\"https:\/\/tvsensor.com\/wp-content\/uploads\/2020\/12\/FESTIVAL-ZDRAVLJA-imena-01-1131x1600.jpg\" alt=\"\" class=\"wp-image-20100\" srcset=\"https:\/\/tvsensor.com\/wp-content\/uploads\/2020\/12\/FESTIVAL-ZDRAVLJA-imena-01-1131x1600.jpg 1131w, https:\/\/tvsensor.com\/wp-content\/uploads\/2020\/12\/FESTIVAL-ZDRAVLJA-imena-01-1414x2000.jpg 1414w, https:\/\/tvsensor.com\/wp-content\/uploads\/2020\/12\/FESTIVAL-ZDRAVLJA-imena-01-106x150.jpg 106w, https:\/\/tvsensor.com\/wp-content\/uploads\/2020\/12\/FESTIVAL-ZDRAVLJA-imena-01-768x1086.jpg 768w, https:\/\/tvsensor.com\/wp-content\/uploads\/2020\/12\/FESTIVAL-ZDRAVLJA-imena-01-1086x1536.jpg 1086w, https:\/\/tvsensor.com\/wp-content\/uploads\/2020\/12\/FESTIVAL-ZDRAVLJA-imena-01-1448x2048.jpg 1448w, https:\/\/tvsensor.com\/wp-content\/uploads\/2020\/12\/FESTIVAL-ZDRAVLJA-imena-01-150x212.jpg 150w, https:\/\/tvsensor.com\/wp-content\/uploads\/2020\/12\/FESTIVAL-ZDRAVLJA-imena-01-300x424.jpg 300w, https:\/\/tvsensor.com\/wp-content\/uploads\/2020\/12\/FESTIVAL-ZDRAVLJA-imena-01-696x984.jpg 696w, https:\/\/tvsensor.com\/wp-content\/uploads\/2020\/12\/FESTIVAL-ZDRAVLJA-imena-01-1068x1510.jpg 1068w, https:\/\/tvsensor.com\/wp-content\/uploads\/2020\/12\/FESTIVAL-ZDRAVLJA-imena-01-1920x2715.jpg 1920w, https:\/\/tvsensor.com\/wp-content\/uploads\/2020\/12\/FESTIVAL-ZDRAVLJA-imena-01-scaled.jpg 1810w\" sizes=\"auto, (max-width: 1131px) 100vw, 1131px\" \/><\/figure>\n\n\n\n<p><br>\u00abIdeja o pokretanju Festivala do\u0161la je spontano. Zdrava ishrana je izuzetno bitna, kao i njega prema cjelokupnom organizmu na fizi\u010dki, mentalni i emocionalan na\u010din. Festivalom zdravlja, \u017eelimo istaknuti va\u017enost kvalitetne prehrane i jakog imunolo\u0161kog sistema, ispravan i kvalitetan pristup psihi, emociji i tijelu\u00bb, rije\u010di su Maje Pilav osniva\u010dice Bistroa Zdravo.<\/p>\n\n\n\n<p><br>Tako \u0107e na temu \u00abnutricionizam, prednosti i dobrobiti biljne ishrane\u00bb predavanje odr\u017eati dipl. nutricionista, Amela Ivkovi\u0107 O'Reilly. Predvi\u0111ena je radionica kuhanja sa djecom i razvijanje svijesti o zdravoj prehrani koju \u0107e voditi Danira \u0160abi\u0107.<\/p>\n\n\n\n<p><br>Planirana je panel diskusija o lije\u010denjima kojima se poti\u010de organizam da svojim prirodnim procesima djeluje na zdravlje. Panel \u0107e voditi homeopatkinja \u0160eila Kulenovi\u0107 &#8211; Latal, a sudjeluju i Harun \u0160abi\u0107 predstavnik Udru\u017eenja MladiCe koje predstavljaju mre\u017eu mladih izlije\u010denih od raka, predstavnik aktivne grupe u sklopu Udru\u017eenja &#8216;Srce za djecu oboljelu od raka&#8217;, kao i predstavnica Roditeljske ku\u0107e Atifa Buldi\u0107 Be\u0161i\u0107.<\/p>\n\n\n\n<p><br>U okviru Festivala sudjelovat \u0107e tako\u0111er Asja Dupanovi\u0107 refleksoterapeutkinja, Maja Pilav sa radionicom zdrave hrane, te Irma Pilav sa predavanjem o ishrani i treningu.<\/p>\n\n\n\n<p><br>Tu je i radionica Crocquis Nigth, specifi\u010dna forma brzog crtanja &#8211; zapisi modela u pokretu. Model dr\u017ei jednu pozu od 2 do 5 minuta, a da sve ima i notu neopisivog \u0161arma, za vas poziraju \u017eivi modeli koje predvodi umjetnica Lea Jerlagi\u0107.<\/p>\n\n\n\n<p><br>Uz panele i radionice, Festival zdravlja ponudio je priliku za predstavljanje mnogobrojnim brendovima koji \u0107e imati svoje \u0161tandove, kao \u0161to su: Biona, zatim Studio 59 koji izra\u0111uje unikatne drvene daske i namje\u0161taj, Rebecca Teclemariam sa svojim nakitom, Pharmamaac &#8211; vegan linije Weledinih proizvoda, Beeluv cosmetics &#8211; doma\u0107a prirodna kozmetika, Tanja Munda \u2013 promocija eteri\u010dnih ulja, te Ingea Bio \u2013 prirodna kozmetika.<\/p>\n\n\n\n<p><br>Sav novac koji \u0107e se prikupiti od ulaznica na Festivalu Zdravlja donirat \u0107e se u dobrotvorne svrhe predstavnicima \u00abRoditeljske ku\u0107e\u00bb u Sarajevu.<\/p>\n\n\n\n<p><br>Koncept zdrave hrane u Sarajevu ve\u0107 nekoliko godina uspje\u0161no promovira Bistro Zdravo, mjesto na kojem se ljubitelji zdrave hrane i cjelovitih namirnica, uz izvrstan jelovnik, dru\u017ee, kuhaju, u\u010de, razmjenjuju recepte i dolaze po zdrave namirnice.<\/p>\n","protected":false},"excerpt":{"rendered":"<p>Prvi \u201cFestival zdravlja\u201d odr\u017eat \u0107e se 12. decembra 2020. godine u Sarajevu u organizaciji Bistroa Zdravo. \u201cFestival zdravlja\u201d ima za cilj edukaciju o zdravom na\u010dinu \u017eivota, ali i promociju zdravih navika sa cjelovitim pristupom. Glavna tema Festivala su nove spoznaje i na\u010din \u017eivota koji balansira zdravlje, um i tijelo uz bogat program cjelodnevnih aktivnosti. S [&hellip;]<\/p>\n","protected":false},"author":7,"featured_media":20103,"comment_status":"closed","ping_status":"closed","sticky":false,"template":"","format":"standard","meta":{"inline_featured_image":false,"footnotes":""},"categories":[37,38],"tags":[],"class_list":{"0":"post-20099","1":"post","2":"type-post","3":"status-publish","4":"format-standard","5":"has-post-thumbnail","7":"category-vijesti","8":"category-vijesti-iz-bih"},"acf":[],"_links":{"self":[{"href":"https:\/\/tvsensor.com\/api\/wp\/v2\/posts\/20099","targetHints":{"allow":["GET"]}}],"collection":[{"href":"https:\/\/tvsensor.com\/api\/wp\/v2\/posts"}],"about":[{"href":"https:\/\/tvsensor.com\/api\/wp\/v2\/types\/post"}],"author":[{"embeddable":true,"href":"https:\/\/tvsensor.com\/api\/wp\/v2\/users\/7"}],"replies":[{"embeddable":true,"href":"https:\/\/tvsensor.com\/api\/wp\/v2\/comments?post=20099"}],"version-history":[{"count":2,"href":"https:\/\/tvsensor.com\/api\/wp\/v2\/posts\/20099\/revisions"}],"predecessor-version":[{"id":20105,"href":"https:\/\/tvsensor.com\/api\/wp\/v2\/posts\/20099\/revisions\/20105"}],"wp:featuredmedia":[{"embeddable":true,"href":"https:\/\/tvsensor.com\/api\/wp\/v2\/media\/20103"}],"wp:attachment":[{"href":"https:\/\/tvsensor.com\/api\/wp\/v2\/media?parent=20099"}],"wp:term":[{"taxonomy":"category","embeddable":true,"href":"https:\/\/tvsensor.com\/api\/wp\/v2\/categories?post=20099"},{"taxonomy":"post_tag","embeddable":true,"href":"https:\/\/tvsensor.com\/api\/wp\/v2\/tags?post=20099"}],"curies":[{"name":"wp","href":"https:\/\/api.w.org\/{rel}","templated":true}]}}