{"id":20081,"date":"2020-12-01T19:15:36","date_gmt":"2020-12-01T18:15:36","guid":{"rendered":"https:\/\/senzor.ba\/?p=20081"},"modified":"2024-01-15T21:41:58","modified_gmt":"2024-01-15T20:41:58","slug":"austrijski-standard-dodik-je-nacionalista-rasistickih-stavova-koji-je-omalovazio-ideju-bih","status":"publish","type":"post","link":"https:\/\/tvsensor.com\/clanak\/austrijski-standard-dodik-je-nacionalista-rasistickih-stavova-koji-je-omalovazio-ideju-bih\/","title":{"rendered":"Austrijski Standard: Dodik je nacionalista rasisti\u010dkih stavova koji je omalova\u017eio ideju BiH"},"content":{"rendered":"\n<p>Bez priznavanja \u010dinjenica o ratu u BiH nema pomirenja. Ali rasisti\u010dki nacionalisti su od toga i dalje daleko, pi\u0161e u analizi prilika u BiH austrijski Standard.Austrijski list Standard donosi op\u0161iran \u010dlanak pod nazivom: &#8220;Vidno skretanje pogleda&#8221;, u kojem Adelheid W\u00f6lfl, analiziraju\u0107i situaciju u BiH, predstavlja knjigu &#8220;Proigrani mir u BiH&#8221; Christiana Schwarz-Schillinga.<\/p>\n\n\n\n<p>U tekstu se najprije konstatuje kako su okon\u010danju rata u BiH, do \u010dega je do\u0161lo sklapanjem Dejtonskog sporazuma u Ohaju 1995. godine prethodile tri i po godine u kojima je \u201dVojska Republike Srpske, koju su politi\u010dki vodili rasisiti i ekstremisti, etni\u010dki o\u010distila teritorije BiH uz pomo\u0107 JNA i politi\u010dkog vrha susjedne Srbije. Cilj je bio da tamo \u017eivi \u0161to vi\u0161e ljudi sa srpskim imenima, kako bi se taj dio kasnije mogao priklju\u010diti Srbiji&#8221;.<\/p>\n\n\n\n<p>Potom se citira Christian Schwarz-Schilling, koji u svojoj novoj knjizi pi\u0161e kako mu je &#8220;potpuno zagonetno, kako se moglo desiti &#8211; ako se u vidu ima ja\u010dina saveza kakav je NATO koji nas je 50 godina \u0161titio od mo\u0107nog protivnika Sovjetskog Saveza \u2013 da jednom relativno malom agresoru u Evropi po\u0111e za rukom da prekora\u010di sve granice, dr\u017ei gradove u opsadi, sistematski ubije stotinu hiljada civila ili ih natjera u bijeg, zapali njihove ku\u0107e i po\u010dini najte\u017ee zlo\u010dine protiv \u010dovje\u010dnosti&#8221;.<\/p>\n\n\n\n<p>Pona\u0161anje Evropljanja u BiH Schwarz-Schilling, kako navodi austrijski list, opisuje re\u010denicom: &#8220;Vidno se skretao pogled&#8221;.<\/p>\n\n\n\n<p>&#8220;I danas mnogi Evropljani reaguju popustljivo i sa \u2018appeasement-om\u2018, iako se nastavlja agresija na BiH&#8221;, nastavlja Standard.<\/p>\n\n\n\n<p>&#8220;25 godina nakon Dejtona, \u0161ef radikalno-nacionalisti\u010dke partije SNSD Milorad Dodik je na poziv Rusije iskoristio pozornicu Vije\u0107a sigurnosti UN-a za verbalni nastavak rata u BiH. Dodik \u017eeli otcijepiti RS od BiH. Stoga tvrdi da postoje dvije srpske dr\u017eave: pored Srbije &#8211; i RS. On dakle \u017eeli uni\u0161titi dr\u017eavu BiH, a istovremeno za to optu\u017euje druge&#8221;, pi\u0161e Standard.<\/p>\n\n\n\n<p>Standard se potom osvr\u0107e na Dodikov govor pred Vije\u0107em sigurnosti UN-a, u kojem je \u010dlan Predsjedni\u0161tva BiH, visokog predstavnika Inzka nazvao &#8216;monstrumom&#8217;.<\/p>\n\n\n\n<p>&#8220;Dodik preokre\u0107e \u010dinjenice, tvrdi kako Inzko &#8216;mrzi Srbe&#8217; ili da \u2018Srbi nemaju ista prava&#8217; kao drugi i da im je rat bio \u2018nametnut&#8217;. Ovaj nacionalista rasisti\u010dkih stavova je omalova\u017eio ideju Bosne i Hercegovine kao dr\u017eave ravnopravnih gra\u0111ana \u2013 nezavisno od toga koje ime nose i kojoj naciji ili vjeri pripadaju. On je prezreo centralnu evropsku ideju, a Inzkovog prethodnika nazvao kriminalcem&#8221;, pi\u0161e Standard.<\/p>\n\n\n\n<p>Austrijski list potom pominje bonske ovlasti, koje Inzko nije koristio od 2011. godine.<\/p>\n\n\n\n<p>&#8220;Visoki predstavnik ima naredbu me\u0111unarodne zajednice da ne intervenira, iako Dodik ve\u0107 godinama prelazi crvenu liniju. Inzko ne dobija podr\u0161ku ni po pitanju zakona o ka\u017enjavanju negiranja genocida i ka\u017ee da je Ured visokog predstavnika pod paljbom, zato \u0161to je ta institucija za\u0161titni mehanizam protiv secesionisti\u010dkih ambicija&#8221;, navodi list.<\/p>\n\n\n\n<p><strong>Pogre\u0161an fokus na etni\u010dke grupe, a ne na gra\u0111ane<\/strong><\/p>\n\n\n\n<p>Dodik je ve\u0107 godinama pod sankcijama SAD-a, ali u Evropi postoje politi\u010dari i diplomate koji s njm sara\u0111uju i smatraju da uprkos Dodikovoj agresivnoj politici, u BiH mo\u017ee do\u0107i do pomirenja, pi\u0161e dalje Standard i ukazuje kako je Dodik nedavno bio pozvan kod predsjednika Hrvatske Zorana Milanovi\u0107a.<\/p>\n\n\n\n<p>&#8220;Neki u EU vjeruju, kao i fatalnih 90-tih, da se radi o tome da se tri naroda navedu na saradnju. Stoga oni ve\u0107 decenijama podr\u017eavaju nacionaliste u BiH, a ne predstavnike gra\u0111anske opcije.&#8221;<\/p>\n\n\n\n<p>Standard potom pi\u0161e kako je jedan, sada va\u017ean politi\u010dar, prije 28 godina prepoznao koliko je pogre\u0161an fokus na etni\u010dke grupe, a time i na saradnju sa nacionalistima i kako Schwarz-Schilling tom \u010dovjeku \u2013 Joe Bidenu- posve\u0107uje cijeli odlomak svoje knjige.<\/p>\n\n\n\n<p>&#8220;Biden je jo\u0161 1993, nakon posjete BiH, kritikovao Zapad, nagla\u0161avaju\u0107i odgovornost SAD-a kao vode\u0107e zemlje Zapada. Tada\u0161nji senator je jasno stavio do znanja da u BiH nije u pitanju gra\u0111anski rat, kako su ga prije svega mnogi u Evropi nazivali, ve\u0107 da je u pitanju napada\u010dki rat na priznatu i suverenu dr\u017eavu BiH uz pomo\u0107 Srbije i Crne Gore. Zato je tra\u017eio vojnu intervenciju. Biden je prepoznao i da zemlje Zapada nisu dovoljno znale \u0161ta se de\u0161ava u BiH i da su naivno vjerovale da je mogu\u0107e diplomatsko posredovanje, pla\u0161e\u0107i se intervencije. On je kritikovao nedjelotvornost i neodlu\u010dnost Zapada. \u010cak je dvije godine prije Srebrenice rekao da bi Srebrenica mogla postati nova Gernika.&#8221;<\/p>\n\n\n\n<p>Schwarz-Schilling je, nastavlja Standard, bio \u0161okiran \u0161to je tada\u0161nji \u0161ef njema\u010dke diplomatije Klaus Kinkel sa devet redaka reagovao na Bidenov izvje\u0161taj. Mjere koje je predlo\u017eio senator Biden su, po njegovim rije\u010dima, bile tako efikasne da se rat mogao zavr\u0161iti jo\u0161 1993. godine.<\/p>\n\n\n\n<p>&#8220;Moram izre\u0107i tu\u017enu \u010dinjenicu da se zbog stava evropskih dr\u017eava, uklju\u010duju\u0107i i Njema\u010dku, rat produ\u017eio za vi\u0161e od dvije godine&#8221;.<\/p>\n\n\n\n<p>Standard potom navodi da je u knjizi mrtvih tokom rata u BiH zabilje\u017eeno da 81 posto svih civilnih \u017ertava \u010dine Bo\u0161njaci, 11 posto Srbi i 7 posto Hrvati.<\/p>\n\n\n\n<p>Austrijski list na kraju navodi kako biv\u0161i visoki predstavnik Schwarz-Schilling, koji \u010desto boravi u Sarajevu, isti\u010de da &#8216;bez priznavanja \u010dinjenica o ratu u BiH \u2013 nema pomirenja&#8217;. Ali rasisti\u010dki nastrojeni nacionalisti su od toga i dalje daleko, zaklju\u010duje Standard zavr\u0161avaju\u0107i \u010dlanak citatom Karla Jaspersa iz knjige Schwarz-Schillinga koji glasi: &#8220;Mir se posti\u017ee slobodom, a sloboda istinom&#8221;, prenosi&nbsp;<a href=\"https:\/\/www.dw.com\/bs\/standard-proigrani-mir-u-bih\/a-55785141?utm_source=Klix.ba&amp;utm_medium=Clanak\" target=\"_blank\" rel=\"noreferrer noopener\">Deutsche Welle<\/a>.<\/p>\n","protected":false},"excerpt":{"rendered":"<p>Bez priznavanja \u010dinjenica o ratu u BiH nema pomirenja. Ali rasisti\u010dki nacionalisti su od toga i dalje daleko, pi\u0161e u analizi prilika u BiH austrijski Standard.Austrijski list Standard donosi op\u0161iran \u010dlanak pod nazivom: &#8220;Vidno skretanje pogleda&#8221;, u kojem Adelheid W\u00f6lfl, analiziraju\u0107i situaciju u BiH, predstavlja knjigu &#8220;Proigrani mir u BiH&#8221; Christiana Schwarz-Schillinga. U tekstu se [&hellip;]<\/p>\n","protected":false},"author":59,"featured_media":20082,"comment_status":"closed","ping_status":"closed","sticky":false,"template":"","format":"standard","meta":{"inline_featured_image":false,"footnotes":""},"categories":[234],"tags":[],"class_list":{"0":"post-20081","1":"post","2":"type-post","3":"status-publish","4":"format-standard","5":"has-post-thumbnail","7":"category-politika"},"acf":[],"_links":{"self":[{"href":"https:\/\/tvsensor.com\/api\/wp\/v2\/posts\/20081","targetHints":{"allow":["GET"]}}],"collection":[{"href":"https:\/\/tvsensor.com\/api\/wp\/v2\/posts"}],"about":[{"href":"https:\/\/tvsensor.com\/api\/wp\/v2\/types\/post"}],"author":[{"embeddable":true,"href":"https:\/\/tvsensor.com\/api\/wp\/v2\/users\/59"}],"replies":[{"embeddable":true,"href":"https:\/\/tvsensor.com\/api\/wp\/v2\/comments?post=20081"}],"version-history":[{"count":1,"href":"https:\/\/tvsensor.com\/api\/wp\/v2\/posts\/20081\/revisions"}],"predecessor-version":[{"id":20083,"href":"https:\/\/tvsensor.com\/api\/wp\/v2\/posts\/20081\/revisions\/20083"}],"wp:featuredmedia":[{"embeddable":true,"href":"https:\/\/tvsensor.com\/api\/wp\/v2\/media\/20082"}],"wp:attachment":[{"href":"https:\/\/tvsensor.com\/api\/wp\/v2\/media?parent=20081"}],"wp:term":[{"taxonomy":"category","embeddable":true,"href":"https:\/\/tvsensor.com\/api\/wp\/v2\/categories?post=20081"},{"taxonomy":"post_tag","embeddable":true,"href":"https:\/\/tvsensor.com\/api\/wp\/v2\/tags?post=20081"}],"curies":[{"name":"wp","href":"https:\/\/api.w.org\/{rel}","templated":true}]}}