{"id":20078,"date":"2020-12-01T18:07:44","date_gmt":"2020-12-01T17:07:44","guid":{"rendered":"https:\/\/senzor.ba\/?p=20078"},"modified":"2024-01-15T21:41:58","modified_gmt":"2024-01-15T20:41:58","slug":"uzas-u-njemackoj-autom-uletio-u-pjesacku-zonu-cetvero-mrtvih-medju-njima-i-djevojcica","status":"publish","type":"post","link":"https:\/\/tvsensor.com\/clanak\/uzas-u-njemackoj-autom-uletio-u-pjesacku-zonu-cetvero-mrtvih-medju-njima-i-djevojcica\/","title":{"rendered":"U\u017eas u Njema\u010dkoj: Autom uletio u pje\u0161a\u010dku zonu, \u010detvero mrtvih, me\u0111u njima i djevoj\u010dica"},"content":{"rendered":"\n<p>U Njema\u010dkom gradu Trir (Trier) voza\u010d je automobilom uletio u pje\u0161a\u010dku zonu.<\/p>\n\n\n\n<p>Najmanje dvoje ljudi je smrtno stradalo, a 30-tak je povrije\u0111enih.&nbsp;<\/p>\n\n\n\n<p>Prema prvim informacijama nejasna je pozadina incidenta, voza\u010d automobila je uhap\u0161en.&nbsp;Policija upozorava gra\u0111ane da izbjegavaju ovo podru\u010dje.<\/p>\n\n\n\n<p>&#8211; Priveli smo jednu osobu, automobil je zaplijenjen. Dvije osobe su prema sada\u0161njim podacima poginule &#8211; napisala je policija na Twitteru.<\/p>\n\n\n\n<p>Svjedoci pri\u010daju o tamnom SUV-u koji je velikom brzinom u\u010detio u pje\u0161a\u010dku zonu te da su vidjeli kako su ljudi odba\u010deno u zrak nakon naleta.Na Twitteru se pojavio i navodni snimak hap\u0161enja napada\u010da.<\/p>\n\n\n\n<figure class=\"wp-block-image is-resized\"><a href=\"https:\/\/avaz.ba\/media\/2020\/12\/01\/1384470\/thumbs\/800x450.jpg\"><img loading=\"lazy\" decoding=\"async\" src=\"https:\/\/avaz.ba\/media\/2020\/12\/01\/1384470\/thumbs\/h550.jpg\" alt=\"Policija upozorava gra\u0111ane da izbjegavaju ovo podru\u010dje\" width=\"935\" height=\"550\"\/><\/a><figcaption>Policija upozorava gra\u0111ane da izbjegavaju ovo podru\u010dje<br>FOTO: AFP<\/figcaption><\/figure>\n\n\n\n<p>Svjedoci ka\u017eu da je mu\u0161karac automobilom jurio pje\u0161a\u010dkom zonom brzinom od oko 100 kilometara na sat.<\/p>\n\n\n\n<p>Kako je objavila policija, osumnji\u010denog napada\u010da uhvatili su nekoliko ulica dalje, nakon \u0161to su zaustavili njegov automobil, a radi se o 51-godi\u0161njem Nijemcu. Motiv jo\u0161 nije poznat.<\/p>\n\n\n\n<p>Kako prenosi Focus.de, osumnji\u010deni za napad je Bernd W. iz okolice Trira.<\/p>\n\n\n\n<p>Kako pi\u0161u njema\u010dki mediji, poginule su \u010detiri osobe. Me\u0111u njima je i djevoj\u010dica.<\/p>\n\n\n\n<p>Lokalne vlasti kazale su da nema informacija koje bi ukazivale na to da je rije\u010d o terorizmu ili politi\u010dki motiviranom napadu.<\/p>\n\n\n\n<p>Gradona\u010delnik Trira Volfram Libe (Wolfram Liebe) potvrdio je da je me\u0111u \u010detvero mrtvih i mala djevoj\u010dica.<\/p>\n\n\n\n<p>Kako prenosi SWR, voza\u010d koji je terencem uletio me\u0111u ljude jo\u0161 je na ispitivanju, potvrdili su iz policije.<\/p>\n","protected":false},"excerpt":{"rendered":"<p>U Njema\u010dkom gradu Trir (Trier) voza\u010d je automobilom uletio u pje\u0161a\u010dku zonu. Najmanje dvoje ljudi je smrtno stradalo, a 30-tak je povrije\u0111enih.&nbsp; Prema prvim informacijama nejasna je pozadina incidenta, voza\u010d automobila je uhap\u0161en.&nbsp;Policija upozorava gra\u0111ane da izbjegavaju ovo podru\u010dje. &#8211; Priveli smo jednu osobu, automobil je zaplijenjen. Dvije osobe su prema sada\u0161njim podacima poginule &#8211; [&hellip;]<\/p>\n","protected":false},"author":59,"featured_media":20079,"comment_status":"closed","ping_status":"closed","sticky":false,"template":"","format":"standard","meta":{"inline_featured_image":false,"footnotes":""},"categories":[284,41],"tags":[],"class_list":{"0":"post-20078","1":"post","2":"type-post","3":"status-publish","4":"format-standard","5":"has-post-thumbnail","7":"category-izdvojeno","8":"category-svijet"},"acf":[],"_links":{"self":[{"href":"https:\/\/tvsensor.com\/api\/wp\/v2\/posts\/20078","targetHints":{"allow":["GET"]}}],"collection":[{"href":"https:\/\/tvsensor.com\/api\/wp\/v2\/posts"}],"about":[{"href":"https:\/\/tvsensor.com\/api\/wp\/v2\/types\/post"}],"author":[{"embeddable":true,"href":"https:\/\/tvsensor.com\/api\/wp\/v2\/users\/59"}],"replies":[{"embeddable":true,"href":"https:\/\/tvsensor.com\/api\/wp\/v2\/comments?post=20078"}],"version-history":[{"count":1,"href":"https:\/\/tvsensor.com\/api\/wp\/v2\/posts\/20078\/revisions"}],"predecessor-version":[{"id":20080,"href":"https:\/\/tvsensor.com\/api\/wp\/v2\/posts\/20078\/revisions\/20080"}],"wp:featuredmedia":[{"embeddable":true,"href":"https:\/\/tvsensor.com\/api\/wp\/v2\/media\/20079"}],"wp:attachment":[{"href":"https:\/\/tvsensor.com\/api\/wp\/v2\/media?parent=20078"}],"wp:term":[{"taxonomy":"category","embeddable":true,"href":"https:\/\/tvsensor.com\/api\/wp\/v2\/categories?post=20078"},{"taxonomy":"post_tag","embeddable":true,"href":"https:\/\/tvsensor.com\/api\/wp\/v2\/tags?post=20078"}],"curies":[{"name":"wp","href":"https:\/\/api.w.org\/{rel}","templated":true}]}}