{"id":20054,"date":"2020-12-01T12:52:31","date_gmt":"2020-12-01T11:52:31","guid":{"rendered":"https:\/\/senzor.ba\/?p=20054"},"modified":"2024-01-15T21:41:58","modified_gmt":"2024-01-15T20:41:58","slug":"sipa-zbog-izbornih-prevara-uhapsila-tri-osobe","status":"publish","type":"post","link":"https:\/\/tvsensor.com\/clanak\/sipa-zbog-izbornih-prevara-uhapsila-tri-osobe\/","title":{"rendered":"SIPA zbog izbornih prevara uhapsila tri osobe"},"content":{"rendered":"\n<p>Policijski slu\u017ebenici Dr\u017eavne agencije za istrage i za\u0161titu (u daljem tekstu: SIPA) danas su (1.12.2020. godine), u saradnji sa policijskim slu\u017ebenicima Ministarstva unutra\u0161njih poslova Republike Srpske i Ministarstva unutra\u0161njih poslova Tuzlanskog kantona, na podru\u010dju Srebrenice i Tuzle, li\u0161ili slobode tri lica zbog postojanja osnova sumnje da su po\u010dinila krivi\u010dno djelo iz \u010dlana 249. Krivi\u010dnog zakona BiH \u201eUdru\u017eivanje radi vr\u0161enja krivi\u010dnih djela\u201c, u vezi sa krivi\u010dnim djelom iz \u010dlana 248. istog zakona \u201ePripremanje krivi\u010dnog djela\u201c, te krivi\u010dnim djelima iz \u010dlana 347. Krivi\u010dnog zakona Republike Srpske \u201cFalsifikovanje isprave\u201c, \u010dlana 157. \u201eNedozvoljeno kori\u0161tenje li\u010dnih podataka\u201c i \u010dlana 217. \u201ePovreda bira\u010dkog prava\u201c istog zakona.<\/p>\n\n\n\n<p>Prilikom realizacije navedenih aktivnosti, policijski slu\u017ebenici SIPA-e pretresli&nbsp; su \u0161est lokacija i tom prilikom otkrili i privremeno oduzeli vi\u0161e mobilnih telefona, rokovnika, kopije izvoda sa bira\u010dkih spiskova, pi\u0161tolj te druge predmete koji mogu poslu\u017eiti kao dokaz u daljem krivi\u010dnom postupku.<\/p>\n\n\n\n<p>Navedene aktivnosti izvr\u0161ene su po naredbama Tu\u017eila\u0161tva BiH i Suda BiH.&nbsp;<\/p>\n\n\n\n<p>Osumnji\u010dena lica privedena su u prostorije SIPA-e i nad njima se vr\u0161i kriminalisti\u010dka obrada, saop\u0107eno je iz SIPA-e.<\/p>\n\n\n\n<p>Izvor: federalna.ba<\/p>\n","protected":false},"excerpt":{"rendered":"<p>Policijski slu\u017ebenici Dr\u017eavne agencije za istrage i za\u0161titu (u daljem tekstu: SIPA) danas su (1.12.2020. godine), u saradnji sa policijskim slu\u017ebenicima Ministarstva unutra\u0161njih poslova Republike Srpske i Ministarstva unutra\u0161njih poslova Tuzlanskog kantona, na podru\u010dju Srebrenice i Tuzle, li\u0161ili slobode tri lica zbog postojanja osnova sumnje da su po\u010dinila krivi\u010dno djelo iz \u010dlana 249. Krivi\u010dnog zakona [&hellip;]<\/p>\n","protected":false},"author":7,"featured_media":20009,"comment_status":"closed","ping_status":"closed","sticky":false,"template":"","format":"standard","meta":{"inline_featured_image":false,"footnotes":""},"categories":[37,38],"tags":[],"class_list":{"0":"post-20054","1":"post","2":"type-post","3":"status-publish","4":"format-standard","5":"has-post-thumbnail","7":"category-vijesti","8":"category-vijesti-iz-bih"},"acf":[],"_links":{"self":[{"href":"https:\/\/tvsensor.com\/api\/wp\/v2\/posts\/20054","targetHints":{"allow":["GET"]}}],"collection":[{"href":"https:\/\/tvsensor.com\/api\/wp\/v2\/posts"}],"about":[{"href":"https:\/\/tvsensor.com\/api\/wp\/v2\/types\/post"}],"author":[{"embeddable":true,"href":"https:\/\/tvsensor.com\/api\/wp\/v2\/users\/7"}],"replies":[{"embeddable":true,"href":"https:\/\/tvsensor.com\/api\/wp\/v2\/comments?post=20054"}],"version-history":[{"count":2,"href":"https:\/\/tvsensor.com\/api\/wp\/v2\/posts\/20054\/revisions"}],"predecessor-version":[{"id":20057,"href":"https:\/\/tvsensor.com\/api\/wp\/v2\/posts\/20054\/revisions\/20057"}],"wp:featuredmedia":[{"embeddable":true,"href":"https:\/\/tvsensor.com\/api\/wp\/v2\/media\/20009"}],"wp:attachment":[{"href":"https:\/\/tvsensor.com\/api\/wp\/v2\/media?parent=20054"}],"wp:term":[{"taxonomy":"category","embeddable":true,"href":"https:\/\/tvsensor.com\/api\/wp\/v2\/categories?post=20054"},{"taxonomy":"post_tag","embeddable":true,"href":"https:\/\/tvsensor.com\/api\/wp\/v2\/tags?post=20054"}],"curies":[{"name":"wp","href":"https:\/\/api.w.org\/{rel}","templated":true}]}}