{"id":20051,"date":"2020-12-01T12:28:04","date_gmt":"2020-12-01T11:28:04","guid":{"rendered":"https:\/\/senzor.ba\/?p=20051"},"modified":"2024-01-15T21:41:59","modified_gmt":"2024-01-15T20:41:59","slug":"spanija-stanovnici-naselja-na-jugu-madrida-dva-mjeseca-bez-elektricne-energije","status":"publish","type":"post","link":"https:\/\/tvsensor.com\/clanak\/spanija-stanovnici-naselja-na-jugu-madrida-dva-mjeseca-bez-elektricne-energije\/","title":{"rendered":"\u0160panija: Stanovnici naselja na jugu Madrida dva mjeseca bez elektri\u010dne energije"},"content":{"rendered":"\n<p>Oko 200 stanovnika siroma\u0161nog naselja na jugu Madrida u ponedjeljak je iza\u0161lo na ulice protestuju\u0107i zbog toga \u0161to gotovo dva mjeseca nemaju elektri\u010dnu energiju, prenosi Anadolu Agency (AA).<\/p>\n\n\n\n<p>Po\u010detkom oktobra oko 4.500 stanovnika La Canada Real ostalo je u mraku. Od tada niko ni\u0161ta nije poduzeo kako bi ovi ljudi dobili elektri\u010dnu energiju.<\/p>\n\n\n\n<p>Demonstranti su kazali da njihova djeca moraju u\u010diti uz svije\u0107u i nemaju pristup ra\u010dunarima ili internetu. Bez elektri\u010dne energije, mnogi stanovnici ne mogu hladiti niti kuhati hranu, tu\u0161irati se ili grijati domove.<\/p>\n\n\n\n<p>Komunalna kompanija Naturgija navela je da su planta\u017ee kanabisa dovele do propadanja mre\u017ee.<\/p>\n\n\n\n<p>&#8220;U mojoj ku\u0107i nema marihuane&#8221;, rekao je jedan demonstrant.<\/p>\n\n\n\n<p>&#8220;Mi smo radnici, a ne kriminalci&#8221;, skandirali su demonstranti, potvr\u0111uju\u0107i da je elektri\u010dna energija pravo, a ne privilegija.<\/p>\n\n\n\n<p>Protestima su prisustvovali i politi\u010dki protivnici madridske konzervativne vlade.<\/p>\n\n\n\n<p>&#8220;Potpuno je neprihvatljivo da u ovakvom vremenu, a posebno sada kada po\u010dinje zima, ti ljudi, uklju\u010duju\u0107i veliki broj maloljetnika, moraju trpjeti takvu situaciju&#8221;, rekao je Ignacio Benito iz Socijalisti\u010dke partije.<\/p>\n\n\n\n<p>Politi\u010dari su rekli da bi madridska lokalna i regionalna vlada trebale izvr\u0161iti pritisak na komunalnu kompaniju da obnovi mre\u017eu na tom podru\u010dju.<\/p>\n\n\n\n<p>&#8220;To je vrlo kompliciran problem&#8221;, rekao je gradona\u010delnik Madrida Jose Luis Martinez-Almeida, koji je ovog vikenda uklju\u010dio oko 10 miliona LED svjetiljki za osvjetljenje Madrida za Bo\u017ei\u0107.<\/p>\n","protected":false},"excerpt":{"rendered":"<p>Oko 200 stanovnika siroma\u0161nog naselja na jugu Madrida u ponedjeljak je iza\u0161lo na ulice protestuju\u0107i zbog toga \u0161to gotovo dva mjeseca nemaju elektri\u010dnu energiju, prenosi Anadolu Agency (AA). Po\u010detkom oktobra oko 4.500 stanovnika La Canada Real ostalo je u mraku. Od tada niko ni\u0161ta nije poduzeo kako bi ovi ljudi dobili elektri\u010dnu energiju. Demonstranti su [&hellip;]<\/p>\n","protected":false},"author":59,"featured_media":20052,"comment_status":"closed","ping_status":"closed","sticky":false,"template":"","format":"standard","meta":{"inline_featured_image":false,"footnotes":""},"categories":[41,37],"tags":[],"class_list":{"0":"post-20051","1":"post","2":"type-post","3":"status-publish","4":"format-standard","5":"has-post-thumbnail","7":"category-svijet","8":"category-vijesti"},"acf":[],"_links":{"self":[{"href":"https:\/\/tvsensor.com\/api\/wp\/v2\/posts\/20051","targetHints":{"allow":["GET"]}}],"collection":[{"href":"https:\/\/tvsensor.com\/api\/wp\/v2\/posts"}],"about":[{"href":"https:\/\/tvsensor.com\/api\/wp\/v2\/types\/post"}],"author":[{"embeddable":true,"href":"https:\/\/tvsensor.com\/api\/wp\/v2\/users\/59"}],"replies":[{"embeddable":true,"href":"https:\/\/tvsensor.com\/api\/wp\/v2\/comments?post=20051"}],"version-history":[{"count":1,"href":"https:\/\/tvsensor.com\/api\/wp\/v2\/posts\/20051\/revisions"}],"predecessor-version":[{"id":20053,"href":"https:\/\/tvsensor.com\/api\/wp\/v2\/posts\/20051\/revisions\/20053"}],"wp:featuredmedia":[{"embeddable":true,"href":"https:\/\/tvsensor.com\/api\/wp\/v2\/media\/20052"}],"wp:attachment":[{"href":"https:\/\/tvsensor.com\/api\/wp\/v2\/media?parent=20051"}],"wp:term":[{"taxonomy":"category","embeddable":true,"href":"https:\/\/tvsensor.com\/api\/wp\/v2\/categories?post=20051"},{"taxonomy":"post_tag","embeddable":true,"href":"https:\/\/tvsensor.com\/api\/wp\/v2\/tags?post=20051"}],"curies":[{"name":"wp","href":"https:\/\/api.w.org\/{rel}","templated":true}]}}