{"id":20048,"date":"2020-12-01T12:23:16","date_gmt":"2020-12-01T11:23:16","guid":{"rendered":"https:\/\/senzor.ba\/?p=20048"},"modified":"2024-01-15T21:41:59","modified_gmt":"2024-01-15T20:41:59","slug":"erdogan-sramotno-je-da-neki-mediji-predvode-islamofobiju-i-ksenofobiju","status":"publish","type":"post","link":"https:\/\/tvsensor.com\/clanak\/erdogan-sramotno-je-da-neki-mediji-predvode-islamofobiju-i-ksenofobiju\/","title":{"rendered":"Erdogan: Sramotno je da neki mediji predvode islamofobiju i ksenofobiju"},"content":{"rendered":"\n<p>Predsjednik Republike Turske Recep Tayyip Erdogan je u videoporuci objavljenoj na 4. Svjetskom forumu TRT-a poru\u010dio da je sramotno da neki mediji predvode islamofobiju i ksenofobiju, javlja Anadolu Agency (AA).<\/p>\n\n\n\n<p>&#8220;Tako\u0111er, kada se to shvati kao podru\u010dje izvan zakona, otvoreno samovolji, gdje nema kontrole, mjesto kojem \u0107e nas odvesti digitalizacija je fa\u0161izam&#8221;, kazao je Erdogan u obra\u0107anju te dodao:<\/p>\n\n\n\n<p>&#8220;Iako digitalizacija pro\u0161iruje prostor sloboda, ona ne bi trebala dovesti do novih nepravdi i nove marginalizacije. Na dru\u0161tvenim mre\u017eama se ostavlja potpuno nekontrolisano podru\u010dje pod izgovorom neograni\u010dene slobode, \u0161to dovodi do pojave viktimizacije. Slobodom se ne mo\u017ee nazvati poredak u kojem osobe vr\u0161e zlo i krivi\u010dno djelo. Dobronamjerni koraci koje dr\u017eave poduzimaju kako bi za\u0161titile svoje gra\u0111ane ponekad se smatra mije\u0161anjem u slobode&#8221;, rekao je Erdogan.<\/p>\n\n\n\n<p>Naglasio je kako \u0107e njegova zemlja, u tom smislu, uvijek \u0161tititi prava svojih gra\u0111ana.<\/p>\n\n\n\n<p>&#8220;Ako (dru\u0161tvene mre\u017ee) dobrovoljno ne podr\u017ee na\u0161e dobronamjerne napore, Turska \u0107e i dalje, u svim okolnostima, \u0161tititi prava svojih gra\u0111ana&#8221;, dodao je Erdogan.<\/p>\n\n\n\n<p>Istakao je i kako su brojni me\u0111unarodni mediji otvoreno ignorisali i ostali nijemi na odre\u0111ena negativna de\u0161avanja u Evropi.<\/p>\n\n\n\n<p>&#8220;Nisu uputili nijednu re\u010denicu kako bi kritikovali francusku blokadu medija. Zaista je sramotno da neki mediji predvode islamofobiju i ksenofobiju. Ako se ne zaustavi svojevoljan pristup zauzet pod izgovorom slobode medija, Evropa i \u010ditavo \u010dovje\u010danstvo \u0107e trpjeti \u0161tetu&#8221;, kazao je turski predsjednik.<\/p>\n\n\n\n<p>Istakao je tako\u0111er kako je pandemija koronavirusa zna\u010dajno utjecala na sve sfere \u017eivota \u0161irom svijeta.<\/p>\n\n\n\n<p>&#8220;Zbog pandemije smo primorani da napravimo radikalne promjene u na\u0161im bilateralnim odnosima, ekonomiji, na\u010dinima kupovine i mnogim drugim podru\u010djima. Vidimo da je ovaj val promjena pogodio i medije, politiku i me\u0111unarodne odnose&#8221;, kazao je Erdogan.<\/p>\n\n\n\n<p>Dodao je da pripadnici separatisti\u010dke teroristi\u010dke organizacije PKK koji su usmrtili na stotine hiljada civila u Siriji krase naslovnice takozvanih presti\u017enih zapadnih \u010dasopisa.<\/p>\n\n\n\n<p>&#8220;Tako\u0111er, oni koji su nama dr\u017eali lekciju o slobodi medija namjerno su ignorisali neka de\u0161avanja u razli\u010ditim zemljama Evrope. Vidimo da se sli\u010dan dvostruki standard ponavlja i kada se radi o praksi izraelskih snaga sigurnosti koje izvode dr\u017eavni teror nad Palestincima. Palestinska djeca ubijena nasred ulice nisu ni vrijedna pomena u tim nezavisnim medijima&#8221;, rekao je Erdogan.<\/p>\n\n\n\n<p>Na kraju je jo\u0161 naglasio da, u momentima kada me\u0111unarodni mediji postaju monotoni, TRT World predstavlja glas pravde protiv nepravde.<\/p>\n\n\n\n<p>Glavna tema ovogodi\u0161njeg Svjetskog foruma TRT-a je &#8220;Me\u0111unarodni poredak i promjena dinamike u post-pandemijskom svijetu&#8221;.<\/p>\n\n\n\n<p>Dvodnevni forum se ove godine zbog pandemije koronavirusa odr\u017eava u digitalnom izdanju.<\/p>\n","protected":false},"excerpt":{"rendered":"<p>Predsjednik Republike Turske Recep Tayyip Erdogan je u videoporuci objavljenoj na 4. Svjetskom forumu TRT-a poru\u010dio da je sramotno da neki mediji predvode islamofobiju i ksenofobiju, javlja Anadolu Agency (AA). &#8220;Tako\u0111er, kada se to shvati kao podru\u010dje izvan zakona, otvoreno samovolji, gdje nema kontrole, mjesto kojem \u0107e nas odvesti digitalizacija je fa\u0161izam&#8221;, kazao je Erdogan [&hellip;]<\/p>\n","protected":false},"author":59,"featured_media":20049,"comment_status":"closed","ping_status":"closed","sticky":false,"template":"","format":"standard","meta":{"inline_featured_image":false,"footnotes":""},"categories":[41,37],"tags":[],"class_list":{"0":"post-20048","1":"post","2":"type-post","3":"status-publish","4":"format-standard","5":"has-post-thumbnail","7":"category-svijet","8":"category-vijesti"},"acf":[],"_links":{"self":[{"href":"https:\/\/tvsensor.com\/api\/wp\/v2\/posts\/20048","targetHints":{"allow":["GET"]}}],"collection":[{"href":"https:\/\/tvsensor.com\/api\/wp\/v2\/posts"}],"about":[{"href":"https:\/\/tvsensor.com\/api\/wp\/v2\/types\/post"}],"author":[{"embeddable":true,"href":"https:\/\/tvsensor.com\/api\/wp\/v2\/users\/59"}],"replies":[{"embeddable":true,"href":"https:\/\/tvsensor.com\/api\/wp\/v2\/comments?post=20048"}],"version-history":[{"count":1,"href":"https:\/\/tvsensor.com\/api\/wp\/v2\/posts\/20048\/revisions"}],"predecessor-version":[{"id":20050,"href":"https:\/\/tvsensor.com\/api\/wp\/v2\/posts\/20048\/revisions\/20050"}],"wp:featuredmedia":[{"embeddable":true,"href":"https:\/\/tvsensor.com\/api\/wp\/v2\/media\/20049"}],"wp:attachment":[{"href":"https:\/\/tvsensor.com\/api\/wp\/v2\/media?parent=20048"}],"wp:term":[{"taxonomy":"category","embeddable":true,"href":"https:\/\/tvsensor.com\/api\/wp\/v2\/categories?post=20048"},{"taxonomy":"post_tag","embeddable":true,"href":"https:\/\/tvsensor.com\/api\/wp\/v2\/tags?post=20048"}],"curies":[{"name":"wp","href":"https:\/\/api.w.org\/{rel}","templated":true}]}}