{"id":20042,"date":"2020-12-01T12:14:37","date_gmt":"2020-12-01T11:14:37","guid":{"rendered":"https:\/\/senzor.ba\/?p=20042"},"modified":"2024-01-15T21:41:59","modified_gmt":"2024-01-15T20:41:59","slug":"covic-i-dodik-razradjuju-kako-iz-vlasti-u-mostaru-eliminirati-bosnjake","status":"publish","type":"post","link":"https:\/\/tvsensor.com\/clanak\/covic-i-dodik-razradjuju-kako-iz-vlasti-u-mostaru-eliminirati-bosnjake\/","title":{"rendered":"\u010covi\u0107 i Dodik razra\u0111uju kako iz vlasti u Mostaru eliminirati Bo\u0161njake"},"content":{"rendered":"\n<p>Predsjednici HDZ-a i SNSD-a Dragan \u010covi\u0107 i Milorad Dodik, uz strana\u010dke delegacije, sastat \u0107e se danas sa po\u010detkom u 11 sati u Domu HDZ-a BiH u Mostaru.<\/p>\n\n\n\n<p>Nakon sastanka \u010covi\u0107a i Dodika, uslijedit \u0107e sastanak strana\u010dkih delegacija HDZ-a BiH i SNSD-a u 11.30 sati.<\/p>\n\n\n\n<p>Tema razgovora strana\u010dkih delegacija su lokalni izbori u gradu Mostaru 20. decembra.<\/p>\n\n\n\n<p>Lider SNSD-a Milorad Dodik otkrio je nedavno na pres-konferenciji u Banjoj Luci tajnu strategiju za grad Mostar, koju je, nema sumnje, pomno razradio sa svojim strate\u0161kim partnerom, liderom HDZ-a Draganom \u010covi\u0107em.<\/p>\n\n\n\n<p>Govore\u0107i o srpskoj listi u Mostaru za izbore u ovom gradu, Dodik je rekao da je va\u017eno \u0161to je pokazano jedinstvo i o\u010dekuje da, od \u010detiri srpska mjesta, dobiju dva, \u201c\u0161to bi bila odlu\u010duju\u0107a prevaga u izboru vlasti\u201d.<\/p>\n\n\n\n<p>\u201cTreba da budu izabrani autenti\u010dni Srbi, a ne konvertiti koji su na listama hrvatskih i bo\u0161nja\u010dkih politi\u010dkih partija\u201d, kazao je Dodik, sugeriraju\u0107i tako da bi budu\u0107u vlast u Mostaru mogle formirati dvije partije HDZ i SNSD, bez sudjelovanja ijednog Bo\u0161njaka!<\/p>\n\n\n\n<p>To je ta \u201cklju\u010dna prevaga\u201d o kojoj je govorio Dodik. Naime, odnos snaga u Mostaru je takav da HDZ ne mo\u017ee sam osvojiti 18 poslani\u010dkih manadata, koliko je neophodno za formiranje gradske vlasti, te je stoga prisiljen formirati postizbornu koaliciju. Budu\u0107i koalicioni partner HDZ-a ne mora biti drugoplasirana stranka (vjerovatno SDA) nego bilo koja stranka koja ima barem dva osvojena poslani\u010dka mandata. Ako SNSD osvoji dva mandata, HDZ se ni minute ne\u0107e premi\u0161ljati i sklopit \u0107e dvojnu H-S koaliciju bez sudjelovanja Bo\u0161njaka.<\/p>\n\n\n\n<p>Takvom razvoju doga\u0111aja naruku idu posva\u0111ene probosanske snage, koje \u0107e, kako smo ve\u0107 pisali, na izbore u Mostaru iza\u0107i u tri kolone, za razliku od hrvatskih i srpskih stranaka, koje \u0107e na izbore iza\u0107i u jednoj koloni.<\/p>\n\n\n\n<p>Prvu kolonu, s vjerovatno najve\u0107im izgledom da osvoji drugu poziciju u Mostaru nakon HDZ-a, predvodi SDA. Rije\u010d je o tripartitnom skupu pod radnim nazivom \u201eKoalicija za Mostar\u201c, u kojoj, osim SDA, sudjeluju jo\u0161 dvije partije \u2013 SBB Fahrudina Radon\u010di\u0107a i DF \u017deljka Kom\u0161i\u0107a.<\/p>\n\n\n\n<p>Drugu kolonu predvodi SDP i u njoj \u0107e biti jo\u0161 samo jedna partija \u2013 Na\u0161a stranka Predraga Kojovi\u0107a. Ranije se spominjala mogu\u0107nost da u toj koaliciji sudjeluje i Konakovi\u0107eva partija Narod i pravda, ali Konakovi\u0107 je odustao s obzirom na to da u Mostaru nema izgra\u0111enu partijsku infrastrukturu.<\/p>\n\n\n\n<p>Tre\u0107u kolonu predvodit \u0107e Mirsad Had\u017eikadi\u0107 i njegova partija Platforma za progres, koja ne\u0107e imati koalicione partnere, a samim tim ni ozbiljnije izgleda na uspjeh.<\/p>\n\n\n\n<p>Jedini na\u010din da se osujeti pakleni plan \u010covi\u0107a i Dodika (pakleni zato \u0161to je visoko rizi\u010dna svaka koalicija dvojice protiv tre\u0107eg) jeste taj da probosanske snage zbiju redove i da osvoje dovoljan broj glasova da se bez njih ni matemati\u010dki ne mo\u017ee formirati gradska vlast.<\/p>\n\n\n\n<p>U suprotnom, vlast u Mostaru formirat \u0107e \u010covi\u0107 i Dodik!<\/p>\n\n\n\n<p>Slobodna Bosna<\/p>\n","protected":false},"excerpt":{"rendered":"<p>Predsjednici HDZ-a i SNSD-a Dragan \u010covi\u0107 i Milorad Dodik, uz strana\u010dke delegacije, sastat \u0107e se danas sa po\u010detkom u 11 sati u Domu HDZ-a BiH u Mostaru. Nakon sastanka \u010covi\u0107a i Dodika, uslijedit \u0107e sastanak strana\u010dkih delegacija HDZ-a BiH i SNSD-a u 11.30 sati. Tema razgovora strana\u010dkih delegacija su lokalni izbori u gradu Mostaru 20. [&hellip;]<\/p>\n","protected":false},"author":59,"featured_media":20043,"comment_status":"closed","ping_status":"closed","sticky":false,"template":"","format":"standard","meta":{"inline_featured_image":false,"footnotes":""},"categories":[234,37,38],"tags":[],"class_list":{"0":"post-20042","1":"post","2":"type-post","3":"status-publish","4":"format-standard","5":"has-post-thumbnail","7":"category-politika","8":"category-vijesti","9":"category-vijesti-iz-bih"},"acf":[],"_links":{"self":[{"href":"https:\/\/tvsensor.com\/api\/wp\/v2\/posts\/20042","targetHints":{"allow":["GET"]}}],"collection":[{"href":"https:\/\/tvsensor.com\/api\/wp\/v2\/posts"}],"about":[{"href":"https:\/\/tvsensor.com\/api\/wp\/v2\/types\/post"}],"author":[{"embeddable":true,"href":"https:\/\/tvsensor.com\/api\/wp\/v2\/users\/59"}],"replies":[{"embeddable":true,"href":"https:\/\/tvsensor.com\/api\/wp\/v2\/comments?post=20042"}],"version-history":[{"count":1,"href":"https:\/\/tvsensor.com\/api\/wp\/v2\/posts\/20042\/revisions"}],"predecessor-version":[{"id":20044,"href":"https:\/\/tvsensor.com\/api\/wp\/v2\/posts\/20042\/revisions\/20044"}],"wp:featuredmedia":[{"embeddable":true,"href":"https:\/\/tvsensor.com\/api\/wp\/v2\/media\/20043"}],"wp:attachment":[{"href":"https:\/\/tvsensor.com\/api\/wp\/v2\/media?parent=20042"}],"wp:term":[{"taxonomy":"category","embeddable":true,"href":"https:\/\/tvsensor.com\/api\/wp\/v2\/categories?post=20042"},{"taxonomy":"post_tag","embeddable":true,"href":"https:\/\/tvsensor.com\/api\/wp\/v2\/tags?post=20042"}],"curies":[{"name":"wp","href":"https:\/\/api.w.org\/{rel}","templated":true}]}}