{"id":20039,"date":"2020-12-01T12:11:01","date_gmt":"2020-12-01T11:11:01","guid":{"rendered":"https:\/\/senzor.ba\/?p=20039"},"modified":"2024-01-15T21:41:59","modified_gmt":"2024-01-15T20:41:59","slug":"demokratska-fronta-drugovi-iz-sdp-a-ako-ste-prodali-srebrenicu-hocete-li-i-drzavu","status":"publish","type":"post","link":"https:\/\/tvsensor.com\/clanak\/demokratska-fronta-drugovi-iz-sdp-a-ako-ste-prodali-srebrenicu-hocete-li-i-drzavu\/","title":{"rendered":"Demokratska fronta: Drugovi iz SDP-a, ako ste prodali Srebrenicu, ho\u0107ete li i dr\u017eavu?"},"content":{"rendered":"\n<p>Socijaldemokratska partija (SDP) je jedina partija sa sjedi\u0161tem u Sarajevu koja nije podr\u017eala kandidaturu Alije Tabakovi\u0107a za na\u010delnika Op\u0107ine Srebrenica, podsje\u0107a Kantonalni odbor Demokratske fronte Sarajevo.<\/p>\n\n\n\n<p>\u2013 Predsjednik Op\u0107inskog odbora SDP Srebrenica i njegovi aktivisti tokom \u010ditave kampanje radili su za Mladena Gruji\u0107i\u0107a, \u0161to potvr\u0111uju i rezultati na bira\u010dkom mjestu u Su\u0107eski, rodnom selu predsjednika Op\u0107inskog odbora SDP-a Srebrenica \u2013 isti\u010du iz Demokratske fronte.<\/p>\n\n\n\n<p>Reakcija Kantonalnog odbora Demokratske fronte Sarajevo uslijedila je nakon pretresa koje su u Srebrenici i Tuzli izvr\u0161ili slu\u017ebenici SIPA-e po nalogu Tu\u017eila\u0161tva BiH, a zbog sumnje da su predsjednik Op\u0107inskog odbora SDP-a Srebrenica Bego Bekti\u0107 i njegovi saradnici zloupotrebljavali li\u010dne podatke Srebreni\u010dana za potrebe podr\u0161ke Mladenu Gruji\u010di\u0107u.<\/p>\n\n\n\n<p>\u2013 Da li je i\u0161ta sveto ? Da li je i ovo direktiva iz centrale SDP-a u Sarajevu ? Ako ste prodali Srebrenicu, da li da vam vjerujemo da ne\u0107ete i dr\u017eavu? Ako ste dogovorili izdaju Srebrenice sa Dodikom i njegovim SNSD-om, da ste to isto uradili i sa Mostarom dogovaraju\u0107i izdaju sa \u0106ovi\u0107em i njegovim HDZ om \u2013 navodi se u reakciji Kantonalnog odbora Demokratske fronte Sarajevo.<\/p>\n\n\n\n<p>Biti patriota, dodaju, zna\u010di biti spreman platiti cijenu, pa i onu politi\u010dku na izborima.<\/p>\n\n\n\n<p>\u2013 Drugovi, ne ve\u017eite zastave sa izdajnicima ove zemlje \u2013 zaklju\u010duje se u reakciji.<\/p>\n","protected":false},"excerpt":{"rendered":"<p>Socijaldemokratska partija (SDP) je jedina partija sa sjedi\u0161tem u Sarajevu koja nije podr\u017eala kandidaturu Alije Tabakovi\u0107a za na\u010delnika Op\u0107ine Srebrenica, podsje\u0107a Kantonalni odbor Demokratske fronte Sarajevo. \u2013 Predsjednik Op\u0107inskog odbora SDP Srebrenica i njegovi aktivisti tokom \u010ditave kampanje radili su za Mladena Gruji\u0107i\u0107a, \u0161to potvr\u0111uju i rezultati na bira\u010dkom mjestu u Su\u0107eski, rodnom selu predsjednika [&hellip;]<\/p>\n","protected":false},"author":59,"featured_media":20040,"comment_status":"closed","ping_status":"closed","sticky":false,"template":"","format":"standard","meta":{"inline_featured_image":false,"footnotes":""},"categories":[234,37,38],"tags":[],"class_list":{"0":"post-20039","1":"post","2":"type-post","3":"status-publish","4":"format-standard","5":"has-post-thumbnail","7":"category-politika","8":"category-vijesti","9":"category-vijesti-iz-bih"},"acf":[],"_links":{"self":[{"href":"https:\/\/tvsensor.com\/api\/wp\/v2\/posts\/20039","targetHints":{"allow":["GET"]}}],"collection":[{"href":"https:\/\/tvsensor.com\/api\/wp\/v2\/posts"}],"about":[{"href":"https:\/\/tvsensor.com\/api\/wp\/v2\/types\/post"}],"author":[{"embeddable":true,"href":"https:\/\/tvsensor.com\/api\/wp\/v2\/users\/59"}],"replies":[{"embeddable":true,"href":"https:\/\/tvsensor.com\/api\/wp\/v2\/comments?post=20039"}],"version-history":[{"count":1,"href":"https:\/\/tvsensor.com\/api\/wp\/v2\/posts\/20039\/revisions"}],"predecessor-version":[{"id":20041,"href":"https:\/\/tvsensor.com\/api\/wp\/v2\/posts\/20039\/revisions\/20041"}],"wp:featuredmedia":[{"embeddable":true,"href":"https:\/\/tvsensor.com\/api\/wp\/v2\/media\/20040"}],"wp:attachment":[{"href":"https:\/\/tvsensor.com\/api\/wp\/v2\/media?parent=20039"}],"wp:term":[{"taxonomy":"category","embeddable":true,"href":"https:\/\/tvsensor.com\/api\/wp\/v2\/categories?post=20039"},{"taxonomy":"post_tag","embeddable":true,"href":"https:\/\/tvsensor.com\/api\/wp\/v2\/tags?post=20039"}],"curies":[{"name":"wp","href":"https:\/\/api.w.org\/{rel}","templated":true}]}}