{"id":20035,"date":"2020-12-01T11:56:52","date_gmt":"2020-12-01T10:56:52","guid":{"rendered":"https:\/\/senzor.ba\/?p=20035"},"modified":"2024-01-15T21:41:59","modified_gmt":"2024-01-15T20:41:59","slug":"svecanost-povodom-15-godina-oruzanih-snaga-bih","status":"publish","type":"post","link":"https:\/\/tvsensor.com\/clanak\/svecanost-povodom-15-godina-oruzanih-snaga-bih\/","title":{"rendered":"Sve\u010danost povodom 15 godina Oru\u017eanih snaga BiH"},"content":{"rendered":"\n<p>U toku je sve\u010danost povodom 15. godi\u0161njice dana Oru\u017eanih snaga BiH. Tokom proteklih godina Oru\u017eane snage su dale anga\u017eovano i profesionalno radile, te dale svoj doprinos na euroatlanskom putu na\u0161e zemlje.<\/p>\n\n\n\n<p>Na\u010delnik zajedni\u010dkog \u0161taba OSBiH generalpukovnik Senad Ma\u0161ovi\u0107 prisjetio se samo nekih od rezultata koje su Oru\u017eane snage BiH uradile za sve ove godine. On je naglasio da su OSBiH relativno mlada institucija BiH, ali da konstantno rastu.&nbsp;<\/p>\n\n\n\n<p>&#8220;Reforma odbrambenog sistema, kojom su oformljene Oru\u017eane snage &nbsp;BiH, ocijenjena je kao najefijasnija u postdejtonskom periodu. Stekli smo povjerenje vlasti, ali i gra\u0111ana. Bez obzira na sve pote\u0161ko\u0107e rezultati su vidljivi. Profesionalnost na\u0161ih pripadnika vidi se i u mirovnim misijama \u0161irom svijeta&#8221; rekao je Ma\u0161ovi\u0107 dodaju\u0107i kako su proteklom periodu radili i na podmla\u0111ivanju personala, te je postotak \u017eena u Oru\u017eanim snagama porastao na 8,7%. &nbsp;<\/p>\n\n\n\n<p>Rezultati su vidljivi i u oblasti deminiranja na \u0161ta ukazuje i cifra od dva miliona kvadratnog prostora kojeg su deminirali bez ljudskh \u017ertava. Zna\u010dajan je njihov doprinos i u ovom okolnostima pandemija koronavirusa gdje su, podje\u0107a ministar odbrane BiH Sifet Pod\u017ei\u0107 Oru\u017eane snage bile raspore\u0111ene po cijeloj BiH rade\u0107i dezinfekciju prostora, ali i postavljanju \u0161atorskih karantinskih naselja na granicama na\u0161e zemlje.&nbsp;<\/p>\n\n\n\n<p>&#8220;Ovo nije samo zna\u010dajan datum za Ministarstvo odbrane BiH i Oru\u017eane snage, ovo je zna\u010dajan datum na na\u0161u dr\u017eavu. Postignuti su zna\u010dajn rezultati, a rad sa NATO-om i rad na Programu reformi je svakako jedan od njih. Time je na\u0161a zemlja pokazala da je spreman i pouzdan partner u o\u010duvanju mira i svijetu.&#8221; zaklju\u010dio je ministar Pod\u017ei\u0107.<\/p>\n\n\n\n<p>Ovoj sve\u010danosti ina\u010de prisustvuju i \u010dlanovi Predsjedni\u0161tva BiH \u0160efik D\u017eaferovi\u0107 i \u017deljko Kom\u0161i\u0107. Predstavnici Oru\u017eanih snaga BiH istoristili su priliku da jo\u0161 jednom uka\u017eu nadle\u017enima na potrebu pove\u0107anja bud\u017eeta kojim bi se OSBiH dodatn modernizovale i nastavile predano sa svojim aktivnostima.<\/p>\n\n\n\n<p>Izvor: federalna.ba<\/p>\n","protected":false},"excerpt":{"rendered":"<p>U toku je sve\u010danost povodom 15. godi\u0161njice dana Oru\u017eanih snaga BiH. Tokom proteklih godina Oru\u017eane snage su dale anga\u017eovano i profesionalno radile, te dale svoj doprinos na euroatlanskom putu na\u0161e zemlje. Na\u010delnik zajedni\u010dkog \u0161taba OSBiH generalpukovnik Senad Ma\u0161ovi\u0107 prisjetio se samo nekih od rezultata koje su Oru\u017eane snage BiH uradile za sve ove godine. On [&hellip;]<\/p>\n","protected":false},"author":7,"featured_media":20036,"comment_status":"closed","ping_status":"closed","sticky":false,"template":"","format":"standard","meta":{"inline_featured_image":false,"footnotes":""},"categories":[37,38],"tags":[],"class_list":{"0":"post-20035","1":"post","2":"type-post","3":"status-publish","4":"format-standard","5":"has-post-thumbnail","7":"category-vijesti","8":"category-vijesti-iz-bih"},"acf":[],"_links":{"self":[{"href":"https:\/\/tvsensor.com\/api\/wp\/v2\/posts\/20035","targetHints":{"allow":["GET"]}}],"collection":[{"href":"https:\/\/tvsensor.com\/api\/wp\/v2\/posts"}],"about":[{"href":"https:\/\/tvsensor.com\/api\/wp\/v2\/types\/post"}],"author":[{"embeddable":true,"href":"https:\/\/tvsensor.com\/api\/wp\/v2\/users\/7"}],"replies":[{"embeddable":true,"href":"https:\/\/tvsensor.com\/api\/wp\/v2\/comments?post=20035"}],"version-history":[{"count":2,"href":"https:\/\/tvsensor.com\/api\/wp\/v2\/posts\/20035\/revisions"}],"predecessor-version":[{"id":20038,"href":"https:\/\/tvsensor.com\/api\/wp\/v2\/posts\/20035\/revisions\/20038"}],"wp:featuredmedia":[{"embeddable":true,"href":"https:\/\/tvsensor.com\/api\/wp\/v2\/media\/20036"}],"wp:attachment":[{"href":"https:\/\/tvsensor.com\/api\/wp\/v2\/media?parent=20035"}],"wp:term":[{"taxonomy":"category","embeddable":true,"href":"https:\/\/tvsensor.com\/api\/wp\/v2\/categories?post=20035"},{"taxonomy":"post_tag","embeddable":true,"href":"https:\/\/tvsensor.com\/api\/wp\/v2\/tags?post=20035"}],"curies":[{"name":"wp","href":"https:\/\/api.w.org\/{rel}","templated":true}]}}