{"id":20031,"date":"2020-12-01T11:54:24","date_gmt":"2020-12-01T10:54:24","guid":{"rendered":"https:\/\/senzor.ba\/?p=20031"},"modified":"2024-01-15T21:42:00","modified_gmt":"2024-01-15T20:42:00","slug":"nastavak-turbulencija-unutar-dns-a-banjac-podnio-ostavku","status":"publish","type":"post","link":"https:\/\/tvsensor.com\/clanak\/nastavak-turbulencija-unutar-dns-a-banjac-podnio-ostavku\/","title":{"rendered":"Nastavak turbulencija unutar DNS-a &#8211; Banjac podnio ostavku"},"content":{"rendered":"\n<p>Darko Banjac generalni sekretar DNS-a podnio je ostavku na ovu funckiju i istupio iz ove partije jer nije saglasan sa politikom stranke koju sprovodi predsjednik ove stranke Nenad Ne\u0161i\u0107.<\/p>\n\n\n\n<p>&#8220;To zna\u010di da i u Narodnoj skup\u0161tini Republike Srpske ne\u0107u vi\u0161e biti \u0161ef Kluba poslanika DNS-a. Svi ste vidjeli \u0161ta se de\u0161avalo u ovoj politi\u010dkoj partiji posljednjih danas, sa \u010dime nisam saglasan\u201c, kazao je Banjac.&nbsp;<\/p>\n\n\n\n<p>On isti\u010de da i dalje ostaje u prijateljskim odnosima sa Ne\u0161i\u0107em.<\/p>\n\n\n\n<p>Nenad Ne\u0161i\u0107 je potvrdio da ova stranka nastavlja da djeluje kao opozicija kako u Narodnoj skup\u0161tini Republike Srpske tako i u Parlamentu BiH.<\/p>\n\n\n\n<p>&#8220;Darko Banjac se nije slo\u017eio sa opozicionim djelovanjem DNS-a i zato smo se razi\u0161li. \u017delim mu svaku sre\u0107u u nastavku politi\u010dke karijere&#8221;, rekao je Ne\u0161i\u0107.<br>Sjednica Predsjedni\u0161tva stranke zakazana je u 15 sati u Banjaluci.<\/p>\n\n\n\n<p>Podsje\u0107amo, lider DNS-a Nenad Ne\u0161i\u0107 ju\u010de je smijenio \u010detiri potpredsjednika stranke: \u0110or\u0111a Popovi\u0107a, Ognjena Tadi\u0107a, Dragomira Jovi\u010di\u0107a i Marka A\u0107i\u0107a.<\/p>\n\n\n\n<p>Izvor: federalna.ba<\/p>\n","protected":false},"excerpt":{"rendered":"<p>Darko Banjac generalni sekretar DNS-a podnio je ostavku na ovu funckiju i istupio iz ove partije jer nije saglasan sa politikom stranke koju sprovodi predsjednik ove stranke Nenad Ne\u0161i\u0107. &#8220;To zna\u010di da i u Narodnoj skup\u0161tini Republike Srpske ne\u0107u vi\u0161e biti \u0161ef Kluba poslanika DNS-a. Svi ste vidjeli \u0161ta se de\u0161avalo u ovoj politi\u010dkoj partiji [&hellip;]<\/p>\n","protected":false},"author":7,"featured_media":20032,"comment_status":"closed","ping_status":"closed","sticky":false,"template":"","format":"standard","meta":{"inline_featured_image":false,"footnotes":""},"categories":[234,37,38],"tags":[],"class_list":{"0":"post-20031","1":"post","2":"type-post","3":"status-publish","4":"format-standard","5":"has-post-thumbnail","7":"category-politika","8":"category-vijesti","9":"category-vijesti-iz-bih"},"acf":[],"_links":{"self":[{"href":"https:\/\/tvsensor.com\/api\/wp\/v2\/posts\/20031","targetHints":{"allow":["GET"]}}],"collection":[{"href":"https:\/\/tvsensor.com\/api\/wp\/v2\/posts"}],"about":[{"href":"https:\/\/tvsensor.com\/api\/wp\/v2\/types\/post"}],"author":[{"embeddable":true,"href":"https:\/\/tvsensor.com\/api\/wp\/v2\/users\/7"}],"replies":[{"embeddable":true,"href":"https:\/\/tvsensor.com\/api\/wp\/v2\/comments?post=20031"}],"version-history":[{"count":2,"href":"https:\/\/tvsensor.com\/api\/wp\/v2\/posts\/20031\/revisions"}],"predecessor-version":[{"id":20034,"href":"https:\/\/tvsensor.com\/api\/wp\/v2\/posts\/20031\/revisions\/20034"}],"wp:featuredmedia":[{"embeddable":true,"href":"https:\/\/tvsensor.com\/api\/wp\/v2\/media\/20032"}],"wp:attachment":[{"href":"https:\/\/tvsensor.com\/api\/wp\/v2\/media?parent=20031"}],"wp:term":[{"taxonomy":"category","embeddable":true,"href":"https:\/\/tvsensor.com\/api\/wp\/v2\/categories?post=20031"},{"taxonomy":"post_tag","embeddable":true,"href":"https:\/\/tvsensor.com\/api\/wp\/v2\/tags?post=20031"}],"curies":[{"name":"wp","href":"https:\/\/api.w.org\/{rel}","templated":true}]}}