{"id":20018,"date":"2020-12-01T10:21:31","date_gmt":"2020-12-01T09:21:31","guid":{"rendered":"https:\/\/senzor.ba\/?p=20018"},"modified":"2024-01-15T21:42:00","modified_gmt":"2024-01-15T20:42:00","slug":"za-izborne-prevare-u-srebrenici-osumnjiceni-bosnjaci-koji-su-pogodovali-grujicicu","status":"publish","type":"post","link":"https:\/\/tvsensor.com\/clanak\/za-izborne-prevare-u-srebrenici-osumnjiceni-bosnjaci-koji-su-pogodovali-grujicicu\/","title":{"rendered":"Za izborne prevare u Srebrenici osumnji\u010deni Bo\u0161njaci koji su pogodovali Gruji\u010di\u0107u"},"content":{"rendered":"\n<p>Dr\u017eavna agencija za istrage i za\u0161titu (SIPA) provodi akciju pretresaju\u0107i tri lokacije u Srebrenici i jednu u Tuzli zbog sumnje na krivi\u010dno djelo povreda bira\u010dkog prava na Lokalnim izborima 2020. godine, potvr\u0111eno je za Klix.ba. Osumnji\u010deni su pod kontrolom policije.&#8221;Tri osumnji\u010dene osobe su pod kontrolom i nadzorom pripadnika SIPA-e na lokacijama koje se u sklopu akcije pretresaju pod nadzorom Tu\u017eila\u0161tva BiH&#8221;, kazao nam je glasnogovornik SIPA-e Luka Miladinovi\u0107.<\/p>\n\n\n\n<p>Tu\u017eila\u0161tvo BiH je saop\u0107ilo da se vi\u0161e osoba sumnji\u010di za udru\u017eivanje radi \u010dinjenja krivi\u010dnih djela te krivi\u010dna djela povrede bira\u010dkog prava i nedozvoljenog kori\u0161tenja li\u010dnih podataka.<\/p>\n\n\n\n<p>&#8220;Nezakonitosti koje se istra\u017euju odnose se za izborni proces iz 2020. godine i navode o manipulacijama i nezakonitostima u vezi s prijavama gra\u0111ana za glasanje iz inozemstva&#8221;, saop\u0107eno je iz Tu\u017eila\u0161tva BiH.<\/p>\n\n\n\n<p>Kako nezvani\u010dno saznajemo, osumnji\u010dene su tri osobe bo\u0161nja\u010dke nacionalnosti zbog sumnje da su nedozvoljeno koristili li\u010dne podatke gra\u0111ana za glasanje putem po\u0161te iz Srbije.<\/p>\n\n\n\n<p>Svojim fiktivnim glasovima su navodno pogodovali kandidatu za na\u010delnika Op\u0107ine Srebrenica Mladenu Gruji\u010di\u0107u iz Saveza nezavisnih socijaldemokrata.<\/p>\n\n\n\n<p>Osumnji\u010dene su, kako nezvani\u010dno saznajemo, osobe iz Op\u0107inskog odbora Socijaldemokratske partije BiH u Srebrenici.<\/p>\n\n\n\n<p>Jedna od lokacija na kojim se vr\u0161e pretresi je Op\u0107ina Srebrenica.<\/p>\n\n\n\n<p>klix.ba<\/p>\n","protected":false},"excerpt":{"rendered":"<p>Dr\u017eavna agencija za istrage i za\u0161titu (SIPA) provodi akciju pretresaju\u0107i tri lokacije u Srebrenici i jednu u Tuzli zbog sumnje na krivi\u010dno djelo povreda bira\u010dkog prava na Lokalnim izborima 2020. godine, potvr\u0111eno je za Klix.ba. Osumnji\u010deni su pod kontrolom policije.&#8221;Tri osumnji\u010dene osobe su pod kontrolom i nadzorom pripadnika SIPA-e na lokacijama koje se u sklopu [&hellip;]<\/p>\n","protected":false},"author":59,"featured_media":20022,"comment_status":"closed","ping_status":"closed","sticky":false,"template":"","format":"standard","meta":{"inline_featured_image":false,"footnotes":""},"categories":[284,38],"tags":[],"class_list":{"0":"post-20018","1":"post","2":"type-post","3":"status-publish","4":"format-standard","5":"has-post-thumbnail","7":"category-izdvojeno","8":"category-vijesti-iz-bih"},"acf":[],"_links":{"self":[{"href":"https:\/\/tvsensor.com\/api\/wp\/v2\/posts\/20018","targetHints":{"allow":["GET"]}}],"collection":[{"href":"https:\/\/tvsensor.com\/api\/wp\/v2\/posts"}],"about":[{"href":"https:\/\/tvsensor.com\/api\/wp\/v2\/types\/post"}],"author":[{"embeddable":true,"href":"https:\/\/tvsensor.com\/api\/wp\/v2\/users\/59"}],"replies":[{"embeddable":true,"href":"https:\/\/tvsensor.com\/api\/wp\/v2\/comments?post=20018"}],"version-history":[{"count":2,"href":"https:\/\/tvsensor.com\/api\/wp\/v2\/posts\/20018\/revisions"}],"predecessor-version":[{"id":20024,"href":"https:\/\/tvsensor.com\/api\/wp\/v2\/posts\/20018\/revisions\/20024"}],"wp:featuredmedia":[{"embeddable":true,"href":"https:\/\/tvsensor.com\/api\/wp\/v2\/media\/20022"}],"wp:attachment":[{"href":"https:\/\/tvsensor.com\/api\/wp\/v2\/media?parent=20018"}],"wp:term":[{"taxonomy":"category","embeddable":true,"href":"https:\/\/tvsensor.com\/api\/wp\/v2\/categories?post=20018"},{"taxonomy":"post_tag","embeddable":true,"href":"https:\/\/tvsensor.com\/api\/wp\/v2\/tags?post=20018"}],"curies":[{"name":"wp","href":"https:\/\/api.w.org\/{rel}","templated":true}]}}