{"id":20008,"date":"2020-12-01T10:09:23","date_gmt":"2020-12-01T09:09:23","guid":{"rendered":"https:\/\/senzor.ba\/?p=20008"},"modified":"2024-01-15T21:42:00","modified_gmt":"2024-01-15T20:42:00","slug":"sipa-zbog-nezakonitih-radnji-tokom-izbora-vrsi-pretrese-u-tk","status":"publish","type":"post","link":"https:\/\/tvsensor.com\/clanak\/sipa-zbog-nezakonitih-radnji-tokom-izbora-vrsi-pretrese-u-tk\/","title":{"rendered":"SIPA zbog nezakonitih radnji tokom izbora vr\u0161i pretrese u TK"},"content":{"rendered":"\n<p>Pripadnici Dr\u017eavne agencije za istrage i za\u0161titu (SIPA) u utorak ujutru vr\u0161e pretrese se na podru\u010dju Tuzlanskog kantona i Srebrenice u vezi sa inkrimisanim aktivnostima povezanim sa proteklim lokalnim izborima u Srebrenici.<\/p>\n\n\n\n<p>\u201cU toku su pretresi stambenih i poslovnih objekata i pokretnih stvari na \u010detiri lokacije na podru\u010dju Tuzlanskog kantona i Op\u0161tine Srebrenica, koje koriste tri osumnji\u010dena lica zbog postojanja osnove sumnje u izvr\u0161enje krivi\u010dnog djela udru\u017eivanje radi izvr\u0161enja krivi\u010dnog djela u vezi sa krivi\u010dnim djelom pripremanje krivi\u010dnog djela, falsifikovanje isprave i nedozvoljeno kori\u0161tenje li\u010dnih podataka. Navedena krivi\u010dna djela propisana su krivi\u010dnim zakonima Bosne i Hercegovine i Republike Srpske\u201c, rekao je Luka Miladinovi\u0107, portparol SIPA-e i dodao:<\/p>\n\n\n\n<p>\u201cSve inkrimisane radnje su povezane sa proteklim izborima Srebrenica 2020. godine.\u201c<\/p>\n\n\n\n<p>Naglasio je da s obzirom da aktivnosti na terenu jo\u0161 uvijek traju ne mo\u017ee iznositi vi\u0161e detalja.<\/p>\n\n\n\n<p>Izvor: AA<\/p>\n","protected":false},"excerpt":{"rendered":"<p>Pripadnici Dr\u017eavne agencije za istrage i za\u0161titu (SIPA) u utorak ujutru vr\u0161e pretrese se na podru\u010dju Tuzlanskog kantona i Srebrenice u vezi sa inkrimisanim aktivnostima povezanim sa proteklim lokalnim izborima u Srebrenici. \u201cU toku su pretresi stambenih i poslovnih objekata i pokretnih stvari na \u010detiri lokacije na podru\u010dju Tuzlanskog kantona i Op\u0161tine Srebrenica, koje koriste [&hellip;]<\/p>\n","protected":false},"author":7,"featured_media":20009,"comment_status":"closed","ping_status":"closed","sticky":false,"template":"","format":"standard","meta":{"inline_featured_image":false,"footnotes":""},"categories":[37,38],"tags":[],"class_list":{"0":"post-20008","1":"post","2":"type-post","3":"status-publish","4":"format-standard","5":"has-post-thumbnail","7":"category-vijesti","8":"category-vijesti-iz-bih"},"acf":[],"_links":{"self":[{"href":"https:\/\/tvsensor.com\/api\/wp\/v2\/posts\/20008","targetHints":{"allow":["GET"]}}],"collection":[{"href":"https:\/\/tvsensor.com\/api\/wp\/v2\/posts"}],"about":[{"href":"https:\/\/tvsensor.com\/api\/wp\/v2\/types\/post"}],"author":[{"embeddable":true,"href":"https:\/\/tvsensor.com\/api\/wp\/v2\/users\/7"}],"replies":[{"embeddable":true,"href":"https:\/\/tvsensor.com\/api\/wp\/v2\/comments?post=20008"}],"version-history":[{"count":2,"href":"https:\/\/tvsensor.com\/api\/wp\/v2\/posts\/20008\/revisions"}],"predecessor-version":[{"id":20011,"href":"https:\/\/tvsensor.com\/api\/wp\/v2\/posts\/20008\/revisions\/20011"}],"wp:featuredmedia":[{"embeddable":true,"href":"https:\/\/tvsensor.com\/api\/wp\/v2\/media\/20009"}],"wp:attachment":[{"href":"https:\/\/tvsensor.com\/api\/wp\/v2\/media?parent=20008"}],"wp:term":[{"taxonomy":"category","embeddable":true,"href":"https:\/\/tvsensor.com\/api\/wp\/v2\/categories?post=20008"},{"taxonomy":"post_tag","embeddable":true,"href":"https:\/\/tvsensor.com\/api\/wp\/v2\/tags?post=20008"}],"curies":[{"name":"wp","href":"https:\/\/api.w.org\/{rel}","templated":true}]}}