{"id":20004,"date":"2020-12-01T10:06:57","date_gmt":"2020-12-01T09:06:57","guid":{"rendered":"https:\/\/senzor.ba\/?p=20004"},"modified":"2024-01-15T21:42:01","modified_gmt":"2024-01-15T20:42:01","slug":"dodik-danas-u-mostaru","status":"publish","type":"post","link":"https:\/\/tvsensor.com\/clanak\/dodik-danas-u-mostaru\/","title":{"rendered":"Dodik danas u Mostaru"},"content":{"rendered":"\n<p>Strana\u010dka izaslanstva HDZ-a BiH i SNSD-a, predvo\u0111ena predsjednicima stranaka Draganom \u010covi\u0107em i Miloradom Dodikom, sastat \u0107e se danas u Mostaru.<\/p>\n\n\n\n<p>\u010covi\u0107 i Dodik razgovarat \u0107e u Domu HDZ-a BiH s po\u010detkom u 11 sati, a nakon tog sastanka uslijedit \u0107e sastanak izaslanstva HDZ-a BiH i SNSD-a u 11.30 sati.<\/p>\n\n\n\n<p> Izvor: Fena<\/p>\n","protected":false},"excerpt":{"rendered":"<p>Strana\u010dka izaslanstva HDZ-a BiH i SNSD-a, predvo\u0111ena predsjednicima stranaka Draganom \u010covi\u0107em i Miloradom Dodikom, sastat \u0107e se danas u Mostaru. \u010covi\u0107 i Dodik razgovarat \u0107e u Domu HDZ-a BiH s po\u010detkom u 11 sati, a nakon tog sastanka uslijedit \u0107e sastanak izaslanstva HDZ-a BiH i SNSD-a u 11.30 sati. Izvor: Fena<\/p>\n","protected":false},"author":7,"featured_media":20005,"comment_status":"closed","ping_status":"closed","sticky":false,"template":"","format":"standard","meta":{"inline_featured_image":false,"footnotes":""},"categories":[37,38],"tags":[],"class_list":{"0":"post-20004","1":"post","2":"type-post","3":"status-publish","4":"format-standard","5":"has-post-thumbnail","7":"category-vijesti","8":"category-vijesti-iz-bih"},"acf":[],"_links":{"self":[{"href":"https:\/\/tvsensor.com\/api\/wp\/v2\/posts\/20004","targetHints":{"allow":["GET"]}}],"collection":[{"href":"https:\/\/tvsensor.com\/api\/wp\/v2\/posts"}],"about":[{"href":"https:\/\/tvsensor.com\/api\/wp\/v2\/types\/post"}],"author":[{"embeddable":true,"href":"https:\/\/tvsensor.com\/api\/wp\/v2\/users\/7"}],"replies":[{"embeddable":true,"href":"https:\/\/tvsensor.com\/api\/wp\/v2\/comments?post=20004"}],"version-history":[{"count":2,"href":"https:\/\/tvsensor.com\/api\/wp\/v2\/posts\/20004\/revisions"}],"predecessor-version":[{"id":20007,"href":"https:\/\/tvsensor.com\/api\/wp\/v2\/posts\/20004\/revisions\/20007"}],"wp:featuredmedia":[{"embeddable":true,"href":"https:\/\/tvsensor.com\/api\/wp\/v2\/media\/20005"}],"wp:attachment":[{"href":"https:\/\/tvsensor.com\/api\/wp\/v2\/media?parent=20004"}],"wp:term":[{"taxonomy":"category","embeddable":true,"href":"https:\/\/tvsensor.com\/api\/wp\/v2\/categories?post=20004"},{"taxonomy":"post_tag","embeddable":true,"href":"https:\/\/tvsensor.com\/api\/wp\/v2\/tags?post=20004"}],"curies":[{"name":"wp","href":"https:\/\/api.w.org\/{rel}","templated":true}]}}