{"id":19998,"date":"2020-12-01T08:24:58","date_gmt":"2020-12-01T07:24:58","guid":{"rendered":"https:\/\/senzor.ba\/?p=19998"},"modified":"2024-01-15T21:42:01","modified_gmt":"2024-01-15T20:42:01","slug":"upravni-odbor-pic-a-o-provedbi-opceg-okvirnog-sporazuma-za-mir","status":"publish","type":"post","link":"https:\/\/tvsensor.com\/clanak\/upravni-odbor-pic-a-o-provedbi-opceg-okvirnog-sporazuma-za-mir\/","title":{"rendered":"Upravni odbor PIC-a o provedbi Op\u0107eg okvirnog sporazuma za mir"},"content":{"rendered":"\n<p>Politi\u010dki direktori zemalja \u010dlanica Upravnog odbora Vije\u0107a za provedbu mira (Peace Implementation Council \u2013 PIC) sastat \u0107e se putem video-linka danas i sutra kako bi razmatrali provedbu Op\u0107eg okvirnog sporazuma za mir i sveukupnu situaciju u Bosni i Hercegovini.<\/p>\n\n\n\n<p>Kako je najavljeno, slu\u017ebena obavijest sa sastanka Vije\u0107a za provedbu mira \u0107e biti dostavljena medijima putem e-maila i objavljen na web stranici OHR-a (www.ohr.int) 2. decembra.<\/p>\n\n\n\n<p>Izvor: Fena<\/p>\n","protected":false},"excerpt":{"rendered":"<p>Politi\u010dki direktori zemalja \u010dlanica Upravnog odbora Vije\u0107a za provedbu mira (Peace Implementation Council \u2013 PIC) sastat \u0107e se putem video-linka danas i sutra kako bi razmatrali provedbu Op\u0107eg okvirnog sporazuma za mir i sveukupnu situaciju u Bosni i Hercegovini. Kako je najavljeno, slu\u017ebena obavijest sa sastanka Vije\u0107a za provedbu mira \u0107e biti dostavljena medijima putem [&hellip;]<\/p>\n","protected":false},"author":7,"featured_media":19999,"comment_status":"closed","ping_status":"closed","sticky":false,"template":"","format":"standard","meta":{"inline_featured_image":false,"footnotes":""},"categories":[37,38],"tags":[],"class_list":{"0":"post-19998","1":"post","2":"type-post","3":"status-publish","4":"format-standard","5":"has-post-thumbnail","7":"category-vijesti","8":"category-vijesti-iz-bih"},"acf":[],"_links":{"self":[{"href":"https:\/\/tvsensor.com\/api\/wp\/v2\/posts\/19998","targetHints":{"allow":["GET"]}}],"collection":[{"href":"https:\/\/tvsensor.com\/api\/wp\/v2\/posts"}],"about":[{"href":"https:\/\/tvsensor.com\/api\/wp\/v2\/types\/post"}],"author":[{"embeddable":true,"href":"https:\/\/tvsensor.com\/api\/wp\/v2\/users\/7"}],"replies":[{"embeddable":true,"href":"https:\/\/tvsensor.com\/api\/wp\/v2\/comments?post=19998"}],"version-history":[{"count":4,"href":"https:\/\/tvsensor.com\/api\/wp\/v2\/posts\/19998\/revisions"}],"predecessor-version":[{"id":20003,"href":"https:\/\/tvsensor.com\/api\/wp\/v2\/posts\/19998\/revisions\/20003"}],"wp:featuredmedia":[{"embeddable":true,"href":"https:\/\/tvsensor.com\/api\/wp\/v2\/media\/19999"}],"wp:attachment":[{"href":"https:\/\/tvsensor.com\/api\/wp\/v2\/media?parent=19998"}],"wp:term":[{"taxonomy":"category","embeddable":true,"href":"https:\/\/tvsensor.com\/api\/wp\/v2\/categories?post=19998"},{"taxonomy":"post_tag","embeddable":true,"href":"https:\/\/tvsensor.com\/api\/wp\/v2\/tags?post=19998"}],"curies":[{"name":"wp","href":"https:\/\/api.w.org\/{rel}","templated":true}]}}