{"id":19951,"date":"2020-11-30T07:22:14","date_gmt":"2020-11-30T06:22:14","guid":{"rendered":"https:\/\/senzor.ba\/?p=19951"},"modified":"2024-01-15T21:42:02","modified_gmt":"2024-01-15T20:42:02","slug":"cetvorka-i-samostalni-zastupnici-danas-glasaju-o-smjeni-vlade-ks","status":"publish","type":"post","link":"https:\/\/tvsensor.com\/clanak\/cetvorka-i-samostalni-zastupnici-danas-glasaju-o-smjeni-vlade-ks\/","title":{"rendered":"\u010cetvorka i samostalni zastupnici danas glasaju o smjeni Vlade KS"},"content":{"rendered":"\n<p>Skup\u0161tina Kantona Sarajevo danas \u0107e odr\u017eati sjednicu na kojoj \u0107e se glasati o nepovjerenju aktuelnoj Vladi KS, a za koju se smatra da je su\u0161tinski pala prije nekoliko dana kada je Mario Nenadi\u0107 podnio ostavku na funkciju premijera, a Mirza \u010celik kao predsjedavaju\u0107i.<\/p>\n\n\n\n<p><br>Rije\u010d je o hitnoj sjednici Skup\u0161tine KS koja \u0107e po\u010deti u 10 sati u online izdanju te \u0107e se tek na zasjedanju utvrditi dnevni red. Me\u0111utim, ono \u0161to \u0107e se na\u0107i pred zastupnicima je izglasavanje nepovjerenja trenutnoj Vladi KS.<\/p>\n\n\n\n<p>Na ovoj sjednici \u0107e, kako je re\u010deno iz Vlade KS, biti razmatrana ostavka premijera Nenadi\u0107a i predsjedavaju\u0107eg Skup\u0161tine KS Mirze \u010celika.<\/p>\n\n\n\n<p>Na istoj sjednici planirano je i imenovanje novog predsjedavaju\u0107eg ovog kantonalnog zakonodavnog tijela.<\/p>\n\n\n\n<p>Na ovaj na\u010din napokon \u0107e biti okon\u010dan proces vezan za odlazak aktuelnog saziva Vlade KS kao i proces kristaliziranja nove skup\u0161tinske ve\u0107ine.<\/p>\n\n\n\n<p>SDA je ve\u0107 saop\u0107ila kako je spremna podr\u017eati novi saziv Vlade KS ukoliko predsjednik NiP-a Elmedin Konakovi\u0107 bude premijer. Me\u0111utim, Konakovi\u0107 je odgovorio da mu ne pada napamet da udovoljava \u017eeljama SDA jer sve \u0161to SDA podr\u017ei to se i osu\u0161i.<\/p>\n\n\n\n<p>Podsje\u0107amo da je pro\u0161li ponedjeljak zastupnik Naroda i pravde u Skup\u0161tini KS Elmedin Konakovi\u0107 predlo\u017eio da se sjednica na kojoj se trebalo glasati o smjeni Vlade KS odgodi i odr\u017ei danas.<\/p>\n\n\n\n<p>Novu skup\u0161tinsku ve\u0107inu \u010dinit \u0107e NiP, SDP, Na\u0161a stranka, NBL, Aljo\u0161a \u010campara, Admela Hod\u017ei\u0107, Damir Marjanovi\u0107 i Damir Nik\u0161i\u0107.<\/p>\n\n\n\n<p>Izvor: Klix.ba <\/p>\n","protected":false},"excerpt":{"rendered":"<p>Skup\u0161tina Kantona Sarajevo danas \u0107e odr\u017eati sjednicu na kojoj \u0107e se glasati o nepovjerenju aktuelnoj Vladi KS, a za koju se smatra da je su\u0161tinski pala prije nekoliko dana kada je Mario Nenadi\u0107 podnio ostavku na funkciju premijera, a Mirza \u010celik kao predsjedavaju\u0107i. Rije\u010d je o hitnoj sjednici Skup\u0161tine KS koja \u0107e po\u010deti u 10 [&hellip;]<\/p>\n","protected":false},"author":7,"featured_media":19952,"comment_status":"closed","ping_status":"closed","sticky":false,"template":"","format":"standard","meta":{"inline_featured_image":false,"footnotes":""},"categories":[234,37,38],"tags":[],"class_list":{"0":"post-19951","1":"post","2":"type-post","3":"status-publish","4":"format-standard","5":"has-post-thumbnail","7":"category-politika","8":"category-vijesti","9":"category-vijesti-iz-bih"},"acf":[],"_links":{"self":[{"href":"https:\/\/tvsensor.com\/api\/wp\/v2\/posts\/19951","targetHints":{"allow":["GET"]}}],"collection":[{"href":"https:\/\/tvsensor.com\/api\/wp\/v2\/posts"}],"about":[{"href":"https:\/\/tvsensor.com\/api\/wp\/v2\/types\/post"}],"author":[{"embeddable":true,"href":"https:\/\/tvsensor.com\/api\/wp\/v2\/users\/7"}],"replies":[{"embeddable":true,"href":"https:\/\/tvsensor.com\/api\/wp\/v2\/comments?post=19951"}],"version-history":[{"count":2,"href":"https:\/\/tvsensor.com\/api\/wp\/v2\/posts\/19951\/revisions"}],"predecessor-version":[{"id":19954,"href":"https:\/\/tvsensor.com\/api\/wp\/v2\/posts\/19951\/revisions\/19954"}],"wp:featuredmedia":[{"embeddable":true,"href":"https:\/\/tvsensor.com\/api\/wp\/v2\/media\/19952"}],"wp:attachment":[{"href":"https:\/\/tvsensor.com\/api\/wp\/v2\/media?parent=19951"}],"wp:term":[{"taxonomy":"category","embeddable":true,"href":"https:\/\/tvsensor.com\/api\/wp\/v2\/categories?post=19951"},{"taxonomy":"post_tag","embeddable":true,"href":"https:\/\/tvsensor.com\/api\/wp\/v2\/tags?post=19951"}],"curies":[{"name":"wp","href":"https:\/\/api.w.org\/{rel}","templated":true}]}}