{"id":19936,"date":"2020-11-29T12:55:48","date_gmt":"2020-11-29T11:55:48","guid":{"rendered":"https:\/\/senzor.ba\/?p=19936"},"modified":"2024-01-15T21:42:03","modified_gmt":"2024-01-15T20:42:03","slug":"predstavljena-knjiga-o-stvaranju-i-pobjedama-7-korpusa-armije-rbih","status":"publish","type":"post","link":"https:\/\/tvsensor.com\/clanak\/predstavljena-knjiga-o-stvaranju-i-pobjedama-7-korpusa-armije-rbih\/","title":{"rendered":"Predstavljena knjiga o stvaranju i pobjedama 7. korpusa Armije RBiH"},"content":{"rendered":"\n<p>Knjiga &#8220;7. korpus Armije Republike Bosne i Hercegovine, stvaranje, ja\u010danje, pobjede&#8221; predstavljena je ove sedmice u Travniku povodom Dana dr\u017eavnosti Bosne i Hercegovine &#8230;<\/p>\n\n\n\n<p>&#8230; i 28. godi\u0161njice formiranja 3. korpusa ARBiH i njegove dvije brigade &#8211; 17. Kraji\u0161ke brdske brigade i 312. motorizovane brigade (Travnik).<br><br>Knjigu je potpisalo vi\u0161e autora me\u0111u kojima su dr. sc. Amir Kliko, prof. dr. Selmo Cikoti\u0107, prof. dr. Mesud Had\u017eiali\u0107, dr. sc. Kenan Dautovi\u0107, general Fikret \u0106uski\u0107, brigadir Remzija \u0160iljak i brigadir Zijad \u010caber.<br><br>Promociju su organizirali izdava\u010di knjige, \u201eUdru\u017eenje za za\u0161titu tekovina borbe za Bosnu i Hercegovinu-SBK\u201c iz Travnika i \u201eUdru\u017eenje 17. VKbbr iz Klju\u010da.\u201c<br><br>Knjigu su predstavili dr. sc. Amir Kliko iz Instituta za istra\u017eivanje zlo\u010dina protiv \u010dovje\u010dnosti i me\u0111unarodnog prava UNSA, prof. dr. Selmo Cikoti\u0107, dr. sc. Amir Ismi\u0107 i generali Fikret \u0106uski\u0107 i Mustafa Polutak.<br><br>Govore\u0107i o tom djelu, dr. Amir Kliko navodi da je \u0161est godina prije nego je zapo\u010dela agresiju na Republiku Bosnu i Hercegovinu Jugoslavenska narodna armija izvr\u0161ila veoma va\u017ene pripreme koje su joj u prolje\u0107e 1992. godine omogu\u0107ile da ve\u0107i dio na\u0161e domovine okupira bez zna\u010dajnijih borbenih dejstava. Pod njenim pritiskom provedene su nakon 1986. godine reforme u Oru\u017eanim snagama socijalisti\u010dke Jugoslavije koje su joj omogu\u0107ile da kontrolira i upravlja sistemom rukovo\u0111enja i komandovanja republi\u010dkih teritorijalnih odbrana, ali i njihovim naoru\u017eanjem, opremom i brojnim stanjem. Iz tog razloga bosanskohercegova\u010dko republi\u010dko rukovodstvo nije moglo izvr\u0161iti blagovremene, kvalitetne i potpune pripreme za odbranu Republike jer su mu bile \u201evezane ruke\u201c nad vlastitom vojnom silom, Teritorijalnom odbranom. Tek s progla\u0161enjem dr\u017eavne nezavisnosti u aprilu 1992. godine stekli su se uslovi za njeno preuzimanje \u0161to je \u017eurno i u\u010dinjeno.<br><br>&#8211; U ljeto iste godine Teritorijalna odbrana preimenovana je u Armiju Republike Bosne i Hercegovine, a do kraja godine formiran je i njen 3. korpus u srednjoj Bosni od kojega su aprilu 1994. izdvojene brigade iz la\u0161vanske i vrbaske doline i od njih formiran 7. korpus. U sastav novoformiranog korpusa u\u0161la je i izbjegli\u010dka 17. Slavna Kraji\u0161ka brdska brigada &#8211; kazao je Kliko.<br><br>Prof. dr. Selmo Cikoti\u0107 naglasio je da se, osim zavidnih borbenih rezultata, zna\u010daj 7. korpusa manifestira i u uspje\u0161noj saradnji domicilnih i izbjegli\u010dkih jedinica \u0161to smatra rezultatom rada komande korpusa s borcima.<br><br>&#8211; Svi borci iz srednje Bosne osje\u0107ali su isto kao i Kraji\u0161nici i Jaj\u010dani da moraju osloboditi okupiranu teritoriju u Bosanskoj krajini \u0161to su i potvrdili borbenim dejstvima na podru\u010dju op\u0107ina Jajce, Klju\u010d i Sanski Most od kraja ljeta 1995. godine &#8211; kazao je Cikoti\u0107.<br><br>Kao najva\u017enije borbene rezultate 7. korpusa smatra osloba\u0111anje Kupresa po\u010detkom novembra 1994., osloba\u0111anje najve\u0107eg dijela Vla\u0161i\u0107kog platoa u najte\u017eim meteo uslovima u martu 1995. i odbranu tek oslobo\u0111enog Klju\u010da u oktobru iste godine.<br><br>&#8211; Borbenim dejstvima upravljalo se s prve linije. Komandant korpusa, njegov zamjenik, na\u010delnici \u0161taba, komandanti brigada, bataljona&#8230;komandovali su vojsci na terenu, a ne iz sigurne pozadine &#8211; zaklju\u010dio je Cikoti\u0107.<br><br>Fikret \u0106uski\u0107 objasnio je politi\u010dki i strate\u0161ki zna\u010daj osloba\u0111anja Kupresa.<br><br>&#8211; Uklju\u010divanjem hrvatskih snaga u zavr\u0161nicu operacije osloba\u0111anja Kupresa, prekinuta je njihova dotada\u0161nja dvogodi\u0161nja saradnja s srpskim agresorom i uspostavljena kvalitetna saradnja s ARBiH koja je od ljeta 1995. omogu\u0107ila objema stranama odli\u010dne borbene rezultate u Bosanskoj krajini. Osloba\u0111anjem Kupresa zna\u010dajno se i skratio logisti\u010dki put ARBiH iz srednje Bosne do Splita na kojem do kraja rata nije bilo plja\u010dki kao u vrijeme dok je on i\u0161ao preko Vran planine i Prozora. Osloba\u0111anje Kupresa u\u010dvrstilo je vojni\u010dku i politi\u010dku saradnju dviju dr\u017eava od koje su obje imale veliku korist &#8211; rekao je on.<br><br>\u0160to se ti\u010de osloba\u0111anja najve\u0107eg dijela Vla\u0161i\u0107kog platoa s radiorelejnim \u010dvori\u0161tem Opaljenik, \u0106uski\u0107 je uvjeren kako je to najve\u0107a pobjeda ARBiH koja je, osim velike strate\u0161ke va\u017enosti, zna\u010dajno podigla borbeni moral njenim borcima u svim korpusima. Kao i Cikoti\u0107, i \u0106uski\u0107 smatra da su osloba\u0111anje Kupresa i Vla\u0161i\u0107kog platoa vrlo va\u017ene ratne prekretnice u korist ARBiH.<br><br>Kliko je pojasnio koliko je osloba\u0111anje Kupresa bilo strate\u0161ki va\u017eno za Hrvatsku.<br><br>&#8211; Osloba\u0111anje Kupresa zapo\u010dele su jedinice 7. korpusa 21. oktobra 1994. godine. Do 30. oktobra ovladale su najva\u017enijim zemlji\u0161nim objektima za osloba\u0111anje grada i razbile sve snage 2. kraji\u0161kog korpusa VRS na kupre\u0161kom boji\u0161tu me\u0111u kojima je bila najzan\u010dajnija 7. mehanizovana brigada iz \u0160ipova koja se na\u0161la u potpunom rasulu. Tek tog predzadnjeg oktobarskog dana, kada su ocijenile da je srpska vojska na Kupresu ve\u0107 pora\u017eena, hrvatske snage su se iz pravca Rili\u0107a i \u0160uice pridru\u017eile ARBiH u zvr\u0161nom \u010dinu osloba\u0111anja gradi\u0107a Kupres. U mjesecima nakon toga, hrvatske snage su se usmjerile pravcem prema \u0160ipovu i Glamo\u010du. Uspje\u0161no su izvele nekoliko operacija koje su stvorile mogu\u0107nosti za izvo\u0111enje operacije Oluja koja ne bi bila izvediva da ARBiH nije godinu dana ranije omogu\u0107ila osloba\u0111anje Kupresa. To su operacije HV-a: Zima 94, Skok-1, Skok-2 i Ljeto 95. Sve one izvedene su na teritoriji Republike Bosne i Hercegovine uz saglasnost njene Vlade \u0161to prisustvo HV na njenom teritoriju \u010dini legitimnim. Knin je oslobo\u0111en glavnim pravcem: Kupres-Glamo\u010d-Bosansko Grahovo-Knin. Sedmi korpus ARBiH, svojim osloba\u0111anjem Kupresa, stvorio je prvu i najzna\u010dajniju pretpostavku za uspje\u0161nost Oluje &#8211;\u00a0 zaklju\u010dio je Kliko.<\/p>\n\n\n\n<p>Izvor: Agencije <\/p>\n","protected":false},"excerpt":{"rendered":"<p>Knjiga &#8220;7. korpus Armije Republike Bosne i Hercegovine, stvaranje, ja\u010danje, pobjede&#8221; predstavljena je ove sedmice u Travniku povodom Dana dr\u017eavnosti Bosne i Hercegovine &#8230; &#8230; i 28. godi\u0161njice formiranja 3. korpusa ARBiH i njegove dvije brigade &#8211; 17. Kraji\u0161ke brdske brigade i 312. motorizovane brigade (Travnik). Knjigu je potpisalo vi\u0161e autora me\u0111u kojima su dr. [&hellip;]<\/p>\n","protected":false},"author":59,"featured_media":19937,"comment_status":"closed","ping_status":"closed","sticky":false,"template":"","format":"standard","meta":{"inline_featured_image":false,"footnotes":""},"categories":[47,49,46],"tags":[],"class_list":{"0":"post-19936","1":"post","2":"type-post","3":"status-publish","4":"format-standard","5":"has-post-thumbnail","7":"category-historija","8":"category-knjizevni-kutak","9":"category-kultura"},"acf":[],"_links":{"self":[{"href":"https:\/\/tvsensor.com\/api\/wp\/v2\/posts\/19936","targetHints":{"allow":["GET"]}}],"collection":[{"href":"https:\/\/tvsensor.com\/api\/wp\/v2\/posts"}],"about":[{"href":"https:\/\/tvsensor.com\/api\/wp\/v2\/types\/post"}],"author":[{"embeddable":true,"href":"https:\/\/tvsensor.com\/api\/wp\/v2\/users\/59"}],"replies":[{"embeddable":true,"href":"https:\/\/tvsensor.com\/api\/wp\/v2\/comments?post=19936"}],"version-history":[{"count":1,"href":"https:\/\/tvsensor.com\/api\/wp\/v2\/posts\/19936\/revisions"}],"predecessor-version":[{"id":19938,"href":"https:\/\/tvsensor.com\/api\/wp\/v2\/posts\/19936\/revisions\/19938"}],"wp:featuredmedia":[{"embeddable":true,"href":"https:\/\/tvsensor.com\/api\/wp\/v2\/media\/19937"}],"wp:attachment":[{"href":"https:\/\/tvsensor.com\/api\/wp\/v2\/media?parent=19936"}],"wp:term":[{"taxonomy":"category","embeddable":true,"href":"https:\/\/tvsensor.com\/api\/wp\/v2\/categories?post=19936"},{"taxonomy":"post_tag","embeddable":true,"href":"https:\/\/tvsensor.com\/api\/wp\/v2\/tags?post=19936"}],"curies":[{"name":"wp","href":"https:\/\/api.w.org\/{rel}","templated":true}]}}