{"id":19926,"date":"2020-11-29T11:31:44","date_gmt":"2020-11-29T10:31:44","guid":{"rendered":"https:\/\/senzor.ba\/?p=19926"},"modified":"2024-01-15T21:42:03","modified_gmt":"2024-01-15T20:42:03","slug":"protivnici-gradnje-ic-a-u-puli-ne-smetaju-nam-muslimani-nego-lokacija","status":"publish","type":"post","link":"https:\/\/tvsensor.com\/clanak\/protivnici-gradnje-ic-a-u-puli-ne-smetaju-nam-muslimani-nego-lokacija\/","title":{"rendered":"Protivnici gradnje IC-a u Puli: \u201cNe smetaju nam muslimani nego lokacija\u201d"},"content":{"rendered":"\n<p>Gradona\u010delnik Pule ka\u017ee da \u0107e zgrada biti uklopljena u lokalnu arhitekturu, \u0161to podrazumijeva da ne\u0107e biti niti kupola niti munare, karakteristi\u010dkih za d\u017eamije, te da Islamska zajednica  ne insistira na tome<\/p>\n\n\n\n<p>Grupa mje\u0161tana naselja Monte Serpo u Puli u Hrvatskoj usprotivila se zbog najavljene gradnje islamskog centra u ovom dijelu grada. Smatraju da centru nije mjesto u mirnom, porodi\u010dnom kraju. U ponedeljak, 23. novembra, zbog toga su orgnizovali i protest.<\/p>\n\n\n\n<p>Za glavnog imama Med\u017elisa Pula Esada Jukana pojedinci nisu mjerilo kozmopolitizma jednoga grada, ka\u017ee u pisanom odgovoru za&nbsp;<a href=\"https:\/\/www.slobodnaevropa.org\/a\/mje%C5%A1tani-naselja-u-puli-ne-%C5%BEele-islamski-centar-u-svom-susjedstvu\/30972198.html\" target=\"_blank\" rel=\"noreferrer noopener\">Radio Slobodna Evropa (RSE)<\/a>.<\/p>\n\n\n\n<p>\u201eIako su i oni glas grada i imaju puno pravo iznijeti svoje mi\u0161ljenje, nikad ih ne bih postavio kao apsolutno mjerilo stepena razvoja jednoga grada\u201c, ka\u017ee imam Jukan.<\/p>\n\n\n\n<p>Dodaje da nije rije\u010d o prvom objektu koji je u ovom dijelu Hrvatske osporavan, a \u201ekoji je kasnije postao ponos sredine u kojoj se nalazi\u201c, aludiraju\u0107i na osporavanje gradnje islamskog centra u Rijeci 2013. godine.<\/p>\n\n\n\n<p>\u201eS druge strane, akademska zajednica ovoga grada, osobe iz kulture, arhitekti kao i brojni drugi sugra\u0111ani, izrazili su podr\u0161ku izgradnji Islamskog kulturnog centra Pula\u201c, ka\u017ee Jukan.<\/p>\n\n\n\n<p><img loading=\"lazy\" decoding=\"async\" width=\"650\" height=\"419\" srcset=\"https:\/\/www.fokus.ba\/wp-content\/uploads\/2020\/11\/pula-ic-1-1.jpg 650w, https:\/\/www.fokus.ba\/wp-content\/uploads\/2020\/11\/pula-ic-1-1-300x193.jpg 300w\" src=\"https:\/\/www.fokus.ba\/wp-content\/uploads\/2020\/11\/pula-ic-1-1.jpg\" alt=\"Mapa Pule na kojoj je ozna\u010dena parcela koju je kupila Islamska zajednica.\"><\/p>\n\n\n\n<p><em>Mapa Pule na kojoj je ozna\u010dena parcela koju je kupila Islamska zajednica.<\/em><\/p>\n\n\n\n<p>Zamira je iz Bosne i Hercegovine, a u Puli \u017eivi ve\u0107 12 godina. Po vjeroispovijesti je muslimanka i ka\u017ee da zbog toga nikad nije imala problem u Puli. Ona ka\u017ee da zbog posla i drugih \u017eivotnih uslova svoje vjerske obaveze obavlja ku\u0107i.<\/p>\n\n\n\n<p>\u201eNikad ni\u0161ta ru\u017eno u ovom gradu nisam do\u017eivjela. \u0160to se ti\u010de prostora za molitvu, u Puli ne postoji d\u017eamija, ta ku\u0107a u kojoj se ljudi mole nije istaknuta munarom ili tako ne\u0161to. Vjerovatno bi ljudi \u017eeljeli imati d\u017eamiju, da se mo\u017eda i \u010duje molitva, poziv na molitvu\u201c, ka\u017ee za RSE Zamira iz Pule.<\/p>\n\n\n\n<p>Iz Med\u017elisa Pula ka\u017eu da je u naselju Monte Serpo planirana gradnja centra u kojem bi se nalazili svi potrebni sadr\u017eaji neophodni za rad i djelovanje Med\u017elisa Islamske zajednice Pula.<\/p>\n\n\n\n<p>Planirana je izgradnja objekta do 2.000 metara kvadratnih u kojem bi se nalazili sljede\u0107i sadr\u017eaji: molitveni prostor, u\u010dionice za vjeronauku, biblioteka, multimedijalna dvorana, prostor za mlade, dje\u010dji vrti\u0107, restoran, stanovi za zaposlene i sobe za goste, navode iz Med\u017elisa.<\/p>\n\n\n\n<p><strong>Postoje\u0107i centar nedovoljan<\/strong><\/p>\n\n\n\n<p>Muslimani u Puli trenutno molitve i druge vjerske obaveze obavljaju u objektu u centru grada, me\u0111utim, prema rije\u010dima muslimana koji \u017eive u Puli, potreban im je ve\u0107i prostor te je Islamska zajednica kupila zemlji\u0161te u naselju Monte Serpo.<\/p>\n\n\n\n<p><img loading=\"lazy\" decoding=\"async\" width=\"710\" height=\"380\" srcset=\"https:\/\/www.fokus.ba\/wp-content\/uploads\/2020\/11\/pula-ic-1.jpg 710w, https:\/\/www.fokus.ba\/wp-content\/uploads\/2020\/11\/pula-ic-1-300x161.jpg 300w\" src=\"https:\/\/www.fokus.ba\/wp-content\/uploads\/2020\/11\/pula-ic-1.jpg\" alt=\"Postoje\u0107i Islamski centar u Puli\"><\/p>\n\n\n\n<p><em>Postoje\u0107i Islamski centar u Puli<\/em><\/p>\n\n\n\n<p>\u201eNiti jedan islamski centar nije i ne\u0107e biti \u2018grad u gradu\u2019, odnosno izolirani otok rezervisan isklju\u010divo za muslimane. Na\u0161i sadr\u017eaji, projekti i op\u0107enito aktivnosti, uvijek su vezani za \u0161iru dru\u0161tvenu zajednicu. To je jedini put kojim se mo\u017ee izbje\u0107i getoizacija kojoj, na\u017ealost, svjedo\u010dimo u nekim slu\u010dajevima u Zapadnoj Evropi\u201c, poru\u010duju iz Med\u017elisa.<\/p>\n\n\n\n<p>Za njih je upravo islamski centar, s jasnim i transparentnim radom i aktivnostima, obrazovnim programima koji su uskla\u0111eni sa svim zakonima te odobreni od nadle\u017enog ministarstva, me\u0111ureligijski skupovi i otvoreni dijalog, dru\u017eenja kroz predavanja i simpozije na kojima uvijek u\u010destvuju i nemuslimani \u2013 prilika da kao dru\u0161tvo razbiju predrasude i uklone strahove.<\/p>\n\n\n\n<p>A mje\u0161tani naselja ka\u017eu ne smetaju im muslimani, ali centru nije mjesto tu.<\/p>\n\n\n\n<p>\u201eOdrastao sam, i\u0161ao sam u \u0161kolu i danas se dru\u017eim s muslimanima, me\u0111utim mje\u0161tani jednostavno smatraju da ta lokacija koje je kupljena, koja je odabrana od Islamske zajednice, po njima nije adekvatna jer je miran, porodi\u010dni kvart. Oni misle da ta lokacija nije primjerena\u201c, ka\u017ee za RSE Daniel Dekovi\u0107, predsjednik Mjesnog odbora Busoler kojem pripada naselje Monte Serpo.<\/p>\n\n\n\n<p>On dodaje da mje\u0161tani smatraju da su ih prije svega o gradnji trebali obavijestiti iz Islamske zajednice, a ne da o tome saznaju iz medija.<\/p>\n\n\n\n<p>Glavni imam u Puli Esad Jukan ka\u017ee da nije prvi put da je neki objekt osporavan, a kasnije postao ponos sredine u kojoj se nalazi.<\/p>\n\n\n\n<p>\u201eNisam stekao dojam da je Pula grad u kojemu \u017eive isklju\u010divi i netolerantni ljudi. Isto vrijedi i za naselje u kojem \u0107e biti budu\u0107i islamski kulturni centar. Mnogi stanovnici naselja u kojem se planira gradnja centra daju podr\u0161ku izgradnji koja \u0107e svakako donijeti razvoj i cijelom naselju\u201c, ka\u017ee Jukan.<\/p>\n\n\n\n<p>Islamska zajednica u Hrvatskoj djeluje 104 godine institucionalno, a u Puli vi\u0161e 50 godina. Prema popisu iz 2011. godine, u Puli je \u017eivjelo 3.000 osoba islamske vjeroispovijesti. Med\u017elisu Pula pripadaju i gradovi Rovinj i Vodnjan, kao i op\u0107ina Medulin, te su procjene da Med\u017elisu Pula pripada oko 5.000 ljudi.<\/p>\n\n\n\n<p><strong>Zgrada \u0107e biti uklopljena u lokalnu arhitekturu<\/strong><\/p>\n\n\n\n<p>Iz Ured Grada Pule za RSE ka\u017eu da Islamski centar u Puli postoji vi\u0161e do 50 godina.<\/p>\n\n\n\n<p>\u201eTo su ljudi koji me\u0111u nama \u017eive desetlje\u0107ima, a velik broj vjernika ro\u0111en je u Puli. Prostor koji Islamska zajednica u Puli koristi pretijesan je, posebno sada u ovim pandemijskim uvjetima, a velikih problema imaju i s parkiranjem u centru grada\u201c, ka\u017eu u Ureda Grada Pule.<\/p>\n\n\n\n<p>Grad Pula je zbog ovoga prije godinu dana osnovao Radno povjerenstvo koje je predlo\u017eilo pet potencijalnih lokacija za izgradnju alternativnog, adekvatnijeg prostora.<\/p>\n\n\n\n<p>\u201eMe\u0111utim, Islamska zajednica samostalno je odabrala drugu lokaciju koja je zemlji\u0161te mje\u0161ovite namjene na kojem je mogu\u0107e graditi kulturni centar. Naime, ta zona prema GUP-u Grada Pule i Urbanisti\u010dkom planu ure\u0111enja ne predvi\u0111a vjerske objekte. Grad Pula nije bio upoznat s projektom gradnje Islamskog kulturnog centra. Islamska zajednica zemlji\u0161te na Monte \u0160erpu kupila je od privatnih vlasnika\u201d, ka\u017eu iz Ureda u odgovoru za RSE.<\/p>\n\n\n\n<p>Na protestu mje\u0161tana reagirao je i gradona\u010delnik Pule Boris Mileti\u0107. Pozivaju\u0107i na razgovor, kazao je da su muslimani u Puli desetlje\u0107ima.<\/p>\n\n\n\n<p>\u201eSmirimo se, budimo tolerantni i nemojmo \u0161iriti predrasude. Islamski kulturni centar koji funkcionira u centru grada izmjestit \u0107e se na novu lokaciju\u201c, kazao je Mileti\u0107, dodav\u0161i da \u0107e zgrada biti uklopljena u lokalnu arhitekturu, \u0161to podrazumijeva da ne\u0107e biti niti kupola niti munare, karakteristi\u010dkih za d\u017eamije, te da Islamska zajednica niti ne insistira na tome.<\/p>\n\n\n\n<p>\u201e\u017delim se zahvaliti Islamskoj zajednici koja je prihvatila ovu kulturu i podru\u010dje. Tu mogu izgraditi prostore koji su neophodni da bi vjernici mogli imati mjesto za molitvu, ali i neke druge dru\u0161tvene sadr\u017eaje\u201c, poru\u010dio je gradona\u010delnik.<\/p>\n\n\n\n<p>Iz Ureda Grada nagla\u0161avaju da u Puli \u017eivi zna\u010dajan broj pripadnika nacionalnih i vjerskih manjina.<\/p>\n\n\n\n<p>\u201eIznimno smo ponosni na na\u0161u dugu tradiciju me\u0111usobnog uva\u017eavanja i tolerancije. U tom smislu po\u0161tujemo potrebu svih nacionalnih i vjerskih manjina da imaju svoj dru\u0161tveno-kulturni objekt u kojem \u0107e se mo\u0107i okupljati i po\u0161tovati svoje vjerske i druge obi\u010daje\u201c, navode.<\/p>\n\n\n\n<p>Gradona\u010delnik Mileti\u0107 je pozvao Islamsku zajednicu da mje\u0161tanima naselja predo\u010di projekt gradnje i idejno rje\u0161enje, s nadom da \u0107e se na\u0107i zajedni\u010dki jezik.<\/p>\n\n\n\n<p>Izvor: RSE<\/p>\n","protected":false},"excerpt":{"rendered":"<p>Gradona\u010delnik Pule ka\u017ee da \u0107e zgrada biti uklopljena u lokalnu arhitekturu, \u0161to podrazumijeva da ne\u0107e biti niti kupola niti munare, karakteristi\u010dkih za d\u017eamije, te da Islamska zajednica ne insistira na tome Grupa mje\u0161tana naselja Monte Serpo u Puli u Hrvatskoj usprotivila se zbog najavljene gradnje islamskog centra u ovom dijelu grada. Smatraju da centru nije [&hellip;]<\/p>\n","protected":false},"author":7,"featured_media":19927,"comment_status":"closed","ping_status":"closed","sticky":false,"template":"","format":"standard","meta":{"inline_featured_image":false,"footnotes":""},"categories":[40,37],"tags":[],"class_list":{"0":"post-19926","1":"post","2":"type-post","3":"status-publish","4":"format-standard","5":"has-post-thumbnail","7":"category-region","8":"category-vijesti"},"acf":[],"_links":{"self":[{"href":"https:\/\/tvsensor.com\/api\/wp\/v2\/posts\/19926","targetHints":{"allow":["GET"]}}],"collection":[{"href":"https:\/\/tvsensor.com\/api\/wp\/v2\/posts"}],"about":[{"href":"https:\/\/tvsensor.com\/api\/wp\/v2\/types\/post"}],"author":[{"embeddable":true,"href":"https:\/\/tvsensor.com\/api\/wp\/v2\/users\/7"}],"replies":[{"embeddable":true,"href":"https:\/\/tvsensor.com\/api\/wp\/v2\/comments?post=19926"}],"version-history":[{"count":4,"href":"https:\/\/tvsensor.com\/api\/wp\/v2\/posts\/19926\/revisions"}],"predecessor-version":[{"id":19932,"href":"https:\/\/tvsensor.com\/api\/wp\/v2\/posts\/19926\/revisions\/19932"}],"wp:featuredmedia":[{"embeddable":true,"href":"https:\/\/tvsensor.com\/api\/wp\/v2\/media\/19927"}],"wp:attachment":[{"href":"https:\/\/tvsensor.com\/api\/wp\/v2\/media?parent=19926"}],"wp:term":[{"taxonomy":"category","embeddable":true,"href":"https:\/\/tvsensor.com\/api\/wp\/v2\/categories?post=19926"},{"taxonomy":"post_tag","embeddable":true,"href":"https:\/\/tvsensor.com\/api\/wp\/v2\/tags?post=19926"}],"curies":[{"name":"wp","href":"https:\/\/api.w.org\/{rel}","templated":true}]}}