{"id":19920,"date":"2020-11-29T11:21:53","date_gmt":"2020-11-29T10:21:53","guid":{"rendered":"https:\/\/senzor.ba\/?p=19920"},"modified":"2024-01-15T21:42:03","modified_gmt":"2024-01-15T20:42:03","slug":"zavicajni-muzej-travnik-braca-kulenovic-u-borbi-protiv-fasizma","status":"publish","type":"post","link":"https:\/\/tvsensor.com\/clanak\/zavicajni-muzej-travnik-braca-kulenovic-u-borbi-protiv-fasizma\/","title":{"rendered":"Zavi\u010dajni muzej Travnik: Bra\u0107a Kulenovi\u0107 u borbi protiv fa\u0161izma"},"content":{"rendered":"\n<p>Osnovni cilj projekta &#8220;Umjetno\u0161\u0107u i sportom protiv totalitarizama: Bra\u0107a Kulenovi\u0107 u borbi protiv fa\u0161izma&#8221; jeste podizanje svijesti gra\u0111ana Travnika i Bosne i Hercegovine o zna\u010daju bra\u0107e Kulenovi\u0107, njihovom doprinosu kulturno-umjetni\u010dkom, ali i sportskom \u017eivotu svojih sredina\u00a0te kona\u010dno velikoj \u017ertvi koju su podnijeli u borbi protiv fa\u0161isti\u010dkih vlasti koje su stupile na vlast tokom Drugog svjetskog rata,\u00a0izjavio je dr. D\u017eenan Dautovi\u0107 iz Zavi\u010dajnog muzeja u Travniku.<\/p>\n\n\n\n<p>U sklopu projekta otkrivena je memorijalna plo\u010da \u010dime je postalo vidljivo prisustvo porodice Kulenovi\u0107 u Travniku.<\/p>\n\n\n\n<p>&#8211; Do postavljanja ove memorijalne plo\u010de u Travniku nije postojao niti jedan podsjetnik da je ova va\u017ena porodica boravila u gradu ispod Vla\u0161i\u0107a dobar dio svojih \u017eivota, a mla\u0111e generacije nisu uop\u0107e bile svjesne njihovog postojanja. Dakle, prije svega smo nastojali istaknuti da njihova djela ne smiju biti zaboravljena u ovom vremenu, s nadom da \u0107e njihova hrabrost i ustrajnost biti inspiracija i novim nara\u0161tajima da, na svoje i nove na\u010dine, nastave borbu za slobodu ljudskog roda, odnosno protiv ja\u010danja bilo kakvih apsolutisti\u010dkih ideologija, koje su po svojoj prirodi antihumanisti\u010dke i destruktivne &#8211; poja\u0161njava Dautovi\u0107.<\/p>\n\n\n\n<p>Glavni nosilac projekta je Zavi\u010dajni muzej Travnik, u suradnji s Balkanskom mre\u017eom muzeja i Fondacijom &#8220;The Headly Trust&#8221; te partnerskim muzejima u Bosanskom Petrovcu i Biha\u0107u.<\/p>\n\n\n\n<p>&#8211; Prva faza projekta je ve\u0107 odra\u0111ena &#8211; izrada i sve\u010dano otvaranje spomen-plo\u010de bra\u0107i Kulenovi\u0107 u ulici Varo\u0161 te otvaranje izlo\u017ebe slika Muhameda Kulenovi\u0107a iz umjetni\u010dke zbirke Zavi\u010dajnog muzeja Travnik, odnosno izlaganje prigodnog predavanja o zna\u010daju porodice Kulenovi\u0107 za bh. historiju. U drugoj fazi projekta predvi\u0111eno je da se do kraja godine odr\u017ei gostovanje izlo\u017ebe i ovog predavanja u Memorijalnoj biblioteci &#8216;Skender Kulenovi\u0107&#8217; u Bosanskom Petrovcu i Muzeju Unsko-sanskog kantona u Biha\u0107u. Me\u0111utim, uslijed trenutne epidemiolo\u0161ke situacije, a u dogovoru s finansijerima projekta, odlu\u010deno je da se ovo gostovanje odlo\u017ei do prolje\u0107a naredne godine, a da se u me\u0111uvremenu pristupi restauraciji ramova Muhamedovih slika &#8211; dodaje Dautovi\u0107.<\/p>\n\n\n\n<p><strong>Muhamed &#8211; slikar i revolucionar<\/strong><\/p>\n\n\n\n<p>Javnosti je od trojice bra\u0107e Kulenovi\u0107a najpoznatiji knji\u017eevnik Skender, dok Muhamed, koji je zavr\u0161io Likovnu akademiju u Poljskoj i Muzafer, talentovani nogometa\u0161 i beogradski student prava ostali su skriveni bh. i regionalnoj javnosti.<\/p>\n\n\n\n<p>&#8211; Cijela porodica Kulenovi\u0107 zapravo ima zna\u010dajno mjesto u historiji na\u0161e zemlje. Rije\u010d je o, u svoje vrijeme, jednoj od najva\u017enijih i najrazgranatijih begovskih porodica u Bosni i Hercegovini. Spomenuta bra\u0107a kojima je ovaj projekat i posve\u0107en su ro\u0111eni u Bosanskom Petrovcu po\u010detkom 20. stolje\u0107a. Najstariji brat Muhamed je, kao jo\u0161 maloljetan dje\u010dak, pobjegao iz rodne ku\u0107e na studij u Akademiji likovnih umjetnosti u Krakowu, s pravom pretpostavljaju\u0107i da njegova namjera ne\u0107e nai\u0107i na odobravanje u jo\u0161 uvijek potpuno konzervativnoj sredini jedne begovske porodice. Akademiju je upisao i na poticaj Jovana Bijeli\u0107a, jo\u0161 jednog velikog umjetnika ro\u0111enog na podru\u010dju Bosanskog Petrovca te tako postao jedan od prvih akademskih slikara iz miljea muslimanskih porodica Bosne i Hercegovine. Po okon\u010danju studija, ostao je u Poljskoj predavati likovnu umjetnost u \u0161kolama, a uskoro se o\u017eenio s Poljakinjom te su mu se rodile prve dvije k\u0107erke &#8211; dodaje Dautovi\u0107.<\/p>\n\n\n\n<figure class=\"wp-block-image\"><img decoding=\"async\" src=\"https:\/\/faktor.ba\/dataNews\/5240e2802f1018d87c161270732a834a.jpg\" alt=\"\"\/><\/figure>\n\n\n\n<p>U me\u0111uvremenu, ostatak porodice je pro\u0161ao kroz te\u0161ko iskustvo agrarne reforme koja je te\u0161ko pogodila ve\u0107inu begovskih porodica te su bili prisiljeni, bez bilo kakvih sredstava da se povuku u Travnik, rodno mjesto majke Hanife, gdje su \u017eivjeli na vi\u0161e adresa, \u010desto u jako te\u0161kim uslovima.<\/p>\n\n\n\n<p>&#8211; Kasnije su uspjeli da poprave situaciju i trajno se nastane u ulici Varo\u0161, gdje im se uskoro pridru\u017eio i Muhamed, protjeran iz Poljske zbog zagovaranja komunisti\u010dke ideologije i borbe za prava radni\u010dke klase. Muhamed se i u Travniku pokazao kao izvrstan organizator i agitator pa je bio postavljen i za sekretara prvog Mjesnog odbora KPJ u Travniku. Porodicu je izdr\u017eavao slikanjem brojnih slika, koje odi\u0161u realno\u0161\u0107u i precizno\u0161\u0107u, a koje su ve\u0107inom danas izgubljene, sem dijela koji se \u010duva u Zavi\u010dajnom muzeju Travnik i jo\u0161 nekoliko pojedina\u010dnih primjeraka u privatnom vlasni\u0161tvu ili u drugim ustanovama &#8211; poja\u0161njava Dautovi\u0107.<\/p>\n\n\n\n<p>Odmah po osnivanju NDH, krajem aprila 1941. godine, Muhamed je s drugim funkcionerima KPJ iz Travnika bio zarobljen i odveden u zatvor Kerestinac kod Zagreba.<\/p>\n\n\n\n<p>&#8211; Vrlo brzo se pokazalo da nove vlasti nemaju namjeru da zatvorenike kazne samo zatvorskom kaznom, nego da su tu dovedeni da bi bili likvidirani, pa je do\u0161lo do organizacije velikog bijega iz zatvora. Ipak, \u017eandarmerija je bjegunce stigla u Stupni\u010dkoj \u0161umi, gdje se zapodjenula neravnopravna borba. Tom prilikom su mnogi, uklju\u010duju\u0107i i Muhameda Kulenovi\u0107a, izgubili svoje \u017eivote &#8211; govori Dautovi\u0107.<\/p>\n\n\n\n<p><strong>Muzafer &#8211; talentovani nogometa\u0161<\/strong><\/p>\n\n\n\n<p>Najmla\u0111i brat Kulenovi\u0107 Muzafer je bio poznat po svojim sportskim postignu\u0107ima, kao jedan od talentiranijih nogometa\u0161a svoje generacije. U svemu se ugledao na svog starijeg brata pa tako i u svjetonazoru.<\/p>\n\n\n\n<p>&#8211; Rat ga je zatekao na studiju prava u Beogradu, gdje se odmah uklju\u010dio u rad Pokreta otpora Nedi\u0107evskoj pronacisti\u010dkoj vlasti, povezuju\u0107i ilegalce u gradu sa Kosmajskim partizanskim odredom. U strahu da ne izda cijeli lanac ilegalaca iz Beograda, \u010dak su partijske vlasti naredile njegovo smaknu\u0107e, no, u tome ih je pristigao Gestapo i lokalna policija. Muzafer je uhap\u0161en polovinom novembra 1942. godine, pored svih saslu\u0161anja nije odao niti jedno ime svojih kolega, te je otpremljen u logor Banjica u Zemunu, gdje je odmah strijeljan &#8211; obja\u0161njava Dautovi\u0107.<\/p>\n\n\n\n<p>Izazov koji se name\u0107e dana\u0161njim generacijama jeste kako afirmirati vrijednosti za koje su se zalagala bra\u0107a Kulenovi\u0107i danas u bh. dru\u0161tvu.<\/p>\n\n\n\n<p>&#8211; Muhamed, Skender i Muzafer su se borili za ravnopravno dru\u0161tvo, u kojem se ni\u010dija prava i slobode ne\u0107e ugro\u017eavati te u kojem ne\u0107e biti izrabljivanja i eksploatacije ve\u0107ine od strane povla\u0161tene manjine. U njihovo vrijeme, to su mogli ostvariti kroz ideje socijalizma\/komunizma, a glavne neprijatelje su imali u potpuno otvorenim ideologijama fa\u0161izma i nacizma. U dana\u0161njem vremenu, ideologije su sakrivenije, manje otvorene, no, jednako prisutne, tako da se mora pristupiti otporu protiv njihovog \u0161irenja na na\u010dine prikladne modernom vremenu, a jedan od njih svakako je i odr\u017eavanje sje\u0107anja na one koji se nisu pla\u0161ili da \u017ertvuju i najdragocjenije \u0161to imaju, svoje \u017eivote, u toj borbi. Bra\u0107a Kulenovi\u0107 su reprezentativan i svijetao primjer te borbe i na\u0161 zadatak mora biti da ne dopustimo da sje\u0107anje na njih nestane, jer bismo time doprinijeli pobjedi ideologija protiv kojih su oni ustali &#8211; zaklju\u010duje D\u017eenan Dautovi\u0107.<\/p>\n\n\n\n<p>Izvor: Anadolija <\/p>\n","protected":false},"excerpt":{"rendered":"<p>Osnovni cilj projekta &#8220;Umjetno\u0161\u0107u i sportom protiv totalitarizama: Bra\u0107a Kulenovi\u0107 u borbi protiv fa\u0161izma&#8221; jeste podizanje svijesti gra\u0111ana Travnika i Bosne i Hercegovine o zna\u010daju bra\u0107e Kulenovi\u0107, njihovom doprinosu kulturno-umjetni\u010dkom, ali i sportskom \u017eivotu svojih sredina\u00a0te kona\u010dno velikoj \u017ertvi koju su podnijeli u borbi protiv fa\u0161isti\u010dkih vlasti koje su stupile na vlast tokom Drugog svjetskog [&hellip;]<\/p>\n","protected":false},"author":7,"featured_media":19921,"comment_status":"closed","ping_status":"closed","sticky":false,"template":"","format":"standard","meta":{"inline_featured_image":false,"footnotes":""},"categories":[46,53],"tags":[],"class_list":{"0":"post-19920","1":"post","2":"type-post","3":"status-publish","4":"format-standard","5":"has-post-thumbnail","7":"category-kultura","8":"category-magazin"},"acf":[],"_links":{"self":[{"href":"https:\/\/tvsensor.com\/api\/wp\/v2\/posts\/19920","targetHints":{"allow":["GET"]}}],"collection":[{"href":"https:\/\/tvsensor.com\/api\/wp\/v2\/posts"}],"about":[{"href":"https:\/\/tvsensor.com\/api\/wp\/v2\/types\/post"}],"author":[{"embeddable":true,"href":"https:\/\/tvsensor.com\/api\/wp\/v2\/users\/7"}],"replies":[{"embeddable":true,"href":"https:\/\/tvsensor.com\/api\/wp\/v2\/comments?post=19920"}],"version-history":[{"count":3,"href":"https:\/\/tvsensor.com\/api\/wp\/v2\/posts\/19920\/revisions"}],"predecessor-version":[{"id":19924,"href":"https:\/\/tvsensor.com\/api\/wp\/v2\/posts\/19920\/revisions\/19924"}],"wp:featuredmedia":[{"embeddable":true,"href":"https:\/\/tvsensor.com\/api\/wp\/v2\/media\/19921"}],"wp:attachment":[{"href":"https:\/\/tvsensor.com\/api\/wp\/v2\/media?parent=19920"}],"wp:term":[{"taxonomy":"category","embeddable":true,"href":"https:\/\/tvsensor.com\/api\/wp\/v2\/categories?post=19920"},{"taxonomy":"post_tag","embeddable":true,"href":"https:\/\/tvsensor.com\/api\/wp\/v2\/tags?post=19920"}],"curies":[{"name":"wp","href":"https:\/\/api.w.org\/{rel}","templated":true}]}}