{"id":19916,"date":"2020-11-29T11:12:33","date_gmt":"2020-11-29T10:12:33","guid":{"rendered":"https:\/\/senzor.ba\/?p=19916"},"modified":"2024-01-15T21:42:03","modified_gmt":"2024-01-15T20:42:03","slug":"salkic-nakon-25-godina-nesto-se-treba-i-mora-mijenjati-u-bh-entitetu-rs","status":"publish","type":"post","link":"https:\/\/tvsensor.com\/clanak\/salkic-nakon-25-godina-nesto-se-treba-i-mora-mijenjati-u-bh-entitetu-rs\/","title":{"rendered":"Salki\u0107: Nakon 25 godina ne\u0161to se treba i mora mijenjati u bh. entitetu RS"},"content":{"rendered":"\n<p>Reagiraju\u0107i na izjave Stanivukovi\u0107a u kojima on otvoreno negira presu\u0111eni genocid u Srebrenici, Salki\u0107 je rekao da su izjave i pona\u0161anje Stanivukovi\u0107a posljedica pogre\u0161no koncipiranog obrazovnog sistema, kao i utjecaja medija i vlasti koji veli\u010daju presu\u0111ene ratne zlo\u010dince i negiraju presu\u0111eni genocid.<\/p>\n\n\n\n<p>Istakao je da se nakon 25 godina ne\u0161to treba i mora mijenjati u bh. entitetu RS, te da \u0107e se u suprotnom uz ovakav obrazovni sistem, medije i uz podr\u0161ku vlasti dru\u0161tvo dalje sistemski radikalizirati sa nesagledivim posljedicama u budu\u0107nosti po mir i stabilnost u Bosni i Hercegovini.<\/p>\n\n\n\n<p>&#8220;Takve kao \u0161to je Stanivukovi\u0107 odgaja obrazovni sistem, mediji i vlast u ovom entitetu. U ud\u017ebenicima koji se koriste u obrazovnom procesu ovog entiteta u\u010di se da je Ratko Mladi\u0107 komandant vojske koja je stvorila RS. Ispravno bi bilo da se u\u010di da su Ratko Mladi\u0107 i drugi osu\u0111enici, ratni zlo\u010dinci koji su po\u010dinili te\u0161ke zlo\u010dine uklju\u010duju\u0107i i genocid nad bosanskim muslimanima Bo\u0161njacima u sigurnoj zoni UN-a Srebrenica i da su time natovarili te\u0161ko breme svom narodu kojeg \u0107e morati nositi kroz svoju budu\u0107nost. To te\u0161ko breme predstavnici bosanskih Srba, a i Srbije moraju sami skinuti sa svojih le\u0111a, to niko ne mo\u017ee u\u010diniti u njihovo ime&#8221; smatra Salki\u0107.<\/p>\n\n\n\n<p>Ve\u0107ina medija u entitetu RS, dodaje, ne priznaje sudske presude Me\u0111unarodnog krivi\u010dnog suda za biv\u0161u Jugoslaviju, Me\u0111unarodnog suda pravde, sudova demokratskih zemalja, doma\u0107ih sudova i presu\u0111eni genocid.<\/p>\n\n\n\n<p>&#8220;Oblikuju\u0107i javno mnijenje na na\u010din da nije bilo genocida i da su osu\u0111eni za genocid u Srebrenici i druge te\u0161ke zlo\u010dine srpski heroji. Vlast nije pokazala empatiju za \u017ertve, nije u\u010dinila katarzu. Narodna skup\u0161tina entiteta dodjelila je najvi\u0161a entitetska priznanja presu\u0111enim ratnim zlo\u010dincima za genocid i druge te\u0161ke zlo\u010dine. Presude se negiraju i relativiziraju. Stanivukovi\u0107 i mnogi mladi u ovom entitetu su posljedica ovakvog stanja u entitetu&#8221;,  isti\u010de i dodaje:<\/p>\n\n\n\n<p>&#8220;Da je on u \u0161koli u\u010dio da su zlo\u010dinci zlo\u010dinci a ne heroji, da je po\u010dinjeni zlo\u010din u Srebrenici presu\u0111en kao genocid. Da je slu\u0161ao, gledao i \u010ditao u medijima u ovom entitetu da su zlo\u010dinci zlo\u010dinci a ne heroji i da je zlo\u010din u Srebrenici presu\u0111en kao genocid. Da se vlast u ovom entitetu distancirala od zlo\u010dinaca, osudila zlo\u010din i priznala sudske presude ne bi Stanivukovi\u0107 ovako mislio i govorio kao \u0161to ne bi ni mnogi drugi u ovom entitetu&#8221;.<\/p>\n\n\n\n<p>Klju\u010dni je problem, smatra Salki\u0107, \u0161to mnogi vjeruju da se zlo\u010din isplati i da su njihovi sunarodnjaci uradili dobre stvari u pro\u0161losti.<\/p>\n\n\n\n<p>Dvadeset pet godina poslije, naveo je, trebalo bi svima ili bar ve\u0107ini biti jasno da se ne\u0161to treba i mora mijenjati.<\/p>\n","protected":false},"excerpt":{"rendered":"<p>Reagiraju\u0107i na izjave Stanivukovi\u0107a u kojima on otvoreno negira presu\u0111eni genocid u Srebrenici, Salki\u0107 je rekao da su izjave i pona\u0161anje Stanivukovi\u0107a posljedica pogre\u0161no koncipiranog obrazovnog sistema, kao i utjecaja medija i vlasti koji veli\u010daju presu\u0111ene ratne zlo\u010dince i negiraju presu\u0111eni genocid. Istakao je da se nakon 25 godina ne\u0161to treba i mora mijenjati u [&hellip;]<\/p>\n","protected":false},"author":7,"featured_media":19917,"comment_status":"closed","ping_status":"closed","sticky":false,"template":"","format":"standard","meta":{"inline_featured_image":false,"footnotes":""},"categories":[37,38],"tags":[],"class_list":{"0":"post-19916","1":"post","2":"type-post","3":"status-publish","4":"format-standard","5":"has-post-thumbnail","7":"category-vijesti","8":"category-vijesti-iz-bih"},"acf":[],"_links":{"self":[{"href":"https:\/\/tvsensor.com\/api\/wp\/v2\/posts\/19916","targetHints":{"allow":["GET"]}}],"collection":[{"href":"https:\/\/tvsensor.com\/api\/wp\/v2\/posts"}],"about":[{"href":"https:\/\/tvsensor.com\/api\/wp\/v2\/types\/post"}],"author":[{"embeddable":true,"href":"https:\/\/tvsensor.com\/api\/wp\/v2\/users\/7"}],"replies":[{"embeddable":true,"href":"https:\/\/tvsensor.com\/api\/wp\/v2\/comments?post=19916"}],"version-history":[{"count":2,"href":"https:\/\/tvsensor.com\/api\/wp\/v2\/posts\/19916\/revisions"}],"predecessor-version":[{"id":19919,"href":"https:\/\/tvsensor.com\/api\/wp\/v2\/posts\/19916\/revisions\/19919"}],"wp:featuredmedia":[{"embeddable":true,"href":"https:\/\/tvsensor.com\/api\/wp\/v2\/media\/19917"}],"wp:attachment":[{"href":"https:\/\/tvsensor.com\/api\/wp\/v2\/media?parent=19916"}],"wp:term":[{"taxonomy":"category","embeddable":true,"href":"https:\/\/tvsensor.com\/api\/wp\/v2\/categories?post=19916"},{"taxonomy":"post_tag","embeddable":true,"href":"https:\/\/tvsensor.com\/api\/wp\/v2\/tags?post=19916"}],"curies":[{"name":"wp","href":"https:\/\/api.w.org\/{rel}","templated":true}]}}