{"id":19912,"date":"2020-11-29T10:59:31","date_gmt":"2020-11-29T09:59:31","guid":{"rendered":"https:\/\/senzor.ba\/?p=19912"},"modified":"2024-01-15T21:42:03","modified_gmt":"2024-01-15T20:42:03","slug":"dobra-vijest-za-buduce-umjetnike-u-tuzli-se-otvara-srednja-savremeno-umjetnicka-skola","status":"publish","type":"post","link":"https:\/\/tvsensor.com\/clanak\/dobra-vijest-za-buduce-umjetnike-u-tuzli-se-otvara-srednja-savremeno-umjetnicka-skola\/","title":{"rendered":"Dobra vijest za budu\u0107e umjetnike: U Tuzli se otvara Srednja savremeno-umjetni\u010dka \u0161kola"},"content":{"rendered":"\n<p>U Tuzli \u0107e u novoj 2021.\/22. \u0161kolskoj godini svoja vrata otvoriti i Srednja Savremeno \u2013 umjetni\u010dka \u0161kola. Rezultat je ovo dvogodi\u0161njeg istra\u017eivanja o potrebama mladih na podru\u010dju Tuzlanskog kantona koje su sproveli \u010dlanovi &nbsp;Udru\u017eenja &#8221;Pozori\u0161ta mladih Tuzle&#8221; i &#8221;Mladi Tuzle&#8221;.<\/p>\n\n\n\n<p>Na osnovu rezultata istra\u017eivanja izra\u0111en je elaborat o dru\u0161tveno &#8211; ekonomskoj opravdanosti i pokrenuto je osnivanje Mje\u0161ovite srednje \u201eSavremeno &#8211; umjetni\u010dke \u0161kole\u201c Tuzla koja \u0107e u\u010denike obrazovati za razli\u010dita zanimanja u polju umjetnosti, dru\u0161tvenih i humanisti\u010dkih nauka uz primjenu savremenih metoda u\u010denja i kreativne dramske pedagogije u cjelokupnom procesu obrazovanja svih zanimanja.<\/p>\n\n\n\n<p>&#8221;Zna\u010daj osnivanja \u0161kole za budu\u0107e generacije ogleda se u tome \u0161to \u0107e ovo biti \u0161kola kreativne samospoznaje, mjesto koje \u0107e u\u010denike osposobiti i podu\u010diti komunikacijskim vje\u0161tinama, nau\u010diti ih kulturi javnog nastupa, doprinijeti socijalizaciji, kognitivnom i emocionalnom razvoju li\u010dnosti, podu\u010diti projekt menad\u017ementu, introspekciji, kriti\u010dkom razmi\u0161ljanju, imaginaciji, prihvatanju, tjelesnom i umnom razvoju i mnogim drugim stvarima&#8221;, kazao nam je Adnan Mujki\u0107, direktor \u0161kole dodav\u0161i da \u0107e kroz ovu \u0161kolu u\u010denike osposobiti na na\u010din da ste\u010dene vje\u0161tine funkcionalno koristi u razli\u010ditim \u017eivotnim situacijama i svim daljim nivoima obrazovanja.<\/p>\n\n\n\n<p>Ideja je dobila podr\u0161ku i od Ministarstva obrazovanja i nauke Tuzlanskog kantona koje 28. jula ove godine izdalo saglasnost za osnivanje. \u0160kola je ve\u0107 upisana i u Registar privrednih subjekata Op\u0107inskog suda u Tuzli, a 26. novembra godine Ministarstvo obrazovanja je izdalo saglasnost i akreditaciju na Nastavni plan i program za obrazovanje u\u010denika u \u0161kolskoj 2021\/2022. godini koji predstavlja autorsko djelo Osniva\u010da.<\/p>\n\n\n\n<p>Nastavni plan i program je strukturiran tako da osigurava potreban standard op\u0107eg obrazovanja (gimnazijski nivo) i odgovaraju\u0107i nivo op\u0107e kulture koja je temelj i pretpostavka uspje\u0161nog savladavanja sadr\u017eaja profesionalnog stru\u010dnog obrazovanja.<\/p>\n\n\n\n<p>&nbsp;U prvoj generaciji planiran je upis za zanimanja izvedbenog &nbsp;animatora dramske umjetnosti i edukacije i Omladinskog lidera.<\/p>\n\n\n\n<p>Izvor: federalna.ba<\/p>\n","protected":false},"excerpt":{"rendered":"<p>U Tuzli \u0107e u novoj 2021.\/22. \u0161kolskoj godini svoja vrata otvoriti i Srednja Savremeno \u2013 umjetni\u010dka \u0161kola. Rezultat je ovo dvogodi\u0161njeg istra\u017eivanja o potrebama mladih na podru\u010dju Tuzlanskog kantona koje su sproveli \u010dlanovi &nbsp;Udru\u017eenja &#8221;Pozori\u0161ta mladih Tuzle&#8221; i &#8221;Mladi Tuzle&#8221;. Na osnovu rezultata istra\u017eivanja izra\u0111en je elaborat o dru\u0161tveno &#8211; ekonomskoj opravdanosti i pokrenuto je [&hellip;]<\/p>\n","protected":false},"author":7,"featured_media":19913,"comment_status":"closed","ping_status":"closed","sticky":false,"template":"","format":"standard","meta":{"inline_featured_image":false,"footnotes":""},"categories":[37,38],"tags":[],"class_list":{"0":"post-19912","1":"post","2":"type-post","3":"status-publish","4":"format-standard","5":"has-post-thumbnail","7":"category-vijesti","8":"category-vijesti-iz-bih"},"acf":[],"_links":{"self":[{"href":"https:\/\/tvsensor.com\/api\/wp\/v2\/posts\/19912","targetHints":{"allow":["GET"]}}],"collection":[{"href":"https:\/\/tvsensor.com\/api\/wp\/v2\/posts"}],"about":[{"href":"https:\/\/tvsensor.com\/api\/wp\/v2\/types\/post"}],"author":[{"embeddable":true,"href":"https:\/\/tvsensor.com\/api\/wp\/v2\/users\/7"}],"replies":[{"embeddable":true,"href":"https:\/\/tvsensor.com\/api\/wp\/v2\/comments?post=19912"}],"version-history":[{"count":2,"href":"https:\/\/tvsensor.com\/api\/wp\/v2\/posts\/19912\/revisions"}],"predecessor-version":[{"id":19915,"href":"https:\/\/tvsensor.com\/api\/wp\/v2\/posts\/19912\/revisions\/19915"}],"wp:featuredmedia":[{"embeddable":true,"href":"https:\/\/tvsensor.com\/api\/wp\/v2\/media\/19913"}],"wp:attachment":[{"href":"https:\/\/tvsensor.com\/api\/wp\/v2\/media?parent=19912"}],"wp:term":[{"taxonomy":"category","embeddable":true,"href":"https:\/\/tvsensor.com\/api\/wp\/v2\/categories?post=19912"},{"taxonomy":"post_tag","embeddable":true,"href":"https:\/\/tvsensor.com\/api\/wp\/v2\/tags?post=19912"}],"curies":[{"name":"wp","href":"https:\/\/api.w.org\/{rel}","templated":true}]}}