{"id":19902,"date":"2020-11-29T10:46:11","date_gmt":"2020-11-29T09:46:11","guid":{"rendered":"https:\/\/senzor.ba\/?p=19902"},"modified":"2024-01-15T21:42:03","modified_gmt":"2024-01-15T20:42:03","slug":"preduzete-radnje-za-nesmetano-odvijanje-izbora-na-biralistu-u-novom-gradu","status":"publish","type":"post","link":"https:\/\/tvsensor.com\/clanak\/preduzete-radnje-za-nesmetano-odvijanje-izbora-na-biralistu-u-novom-gradu\/","title":{"rendered":"Preduzete radnje za nesmetano odvijanje izbora na birali\u0161tu u Novom Gradu"},"content":{"rendered":"\n<p>Centralna izborna komisija BiH saop\u0161tila je jutros da je u saradnji sa Op\u0161tinskom izbornom komisijom Novi Grad preduzela neophodne radnje za nesmetano odvijanje izbornog procesa na bira\u010dkom mjestu 007B040.<\/p>\n\n\n\n<p>Iz CIK-a BiH su potvrdili da je jutros sa ka\u0161njenjem otvoreno bira\u010dko mjesto u Novom Gradu, na kojem se danas odr\u017eavaju ponovni izbori za na\u010delnika i Skup\u0161tinu op\u0161tine Novi Grad.<\/p>\n\n\n\n<p>Navedeno bira\u010dko mjesto otvoreno je u 8.10 sati, a o razlozima ka\u0161njenja u njegovom otvaranju iz CIK-a su naveli da \u0107e informisati javnost nakon zavr\u0161etka ponovljenih izbora.<\/p>\n\n\n\n<p>U izvod iz Centralnog bira\u010dkog spiska za ovo bira\u010dko mjesto u Novom Gradu upisano je 570 bira\u010da.<\/p>\n\n\n\n<p>Iz Op\u0161tinske izborne komisije Novi Grad jutros su saop\u0161tili  da izborni proces na bira\u010dkom mjestu Suha\u010da nije po\u010deo na vrijeme.<\/p>\n\n\n\n<p>Izvor: federalna.ba<\/p>\n","protected":false},"excerpt":{"rendered":"<p>Centralna izborna komisija BiH saop\u0161tila je jutros da je u saradnji sa Op\u0161tinskom izbornom komisijom Novi Grad preduzela neophodne radnje za nesmetano odvijanje izbornog procesa na bira\u010dkom mjestu 007B040. Iz CIK-a BiH su potvrdili da je jutros sa ka\u0161njenjem otvoreno bira\u010dko mjesto u Novom Gradu, na kojem se danas odr\u017eavaju ponovni izbori za na\u010delnika i [&hellip;]<\/p>\n","protected":false},"author":7,"featured_media":19903,"comment_status":"closed","ping_status":"closed","sticky":false,"template":"","format":"standard","meta":{"inline_featured_image":false,"footnotes":""},"categories":[234,37,38],"tags":[],"class_list":{"0":"post-19902","1":"post","2":"type-post","3":"status-publish","4":"format-standard","5":"has-post-thumbnail","7":"category-politika","8":"category-vijesti","9":"category-vijesti-iz-bih"},"acf":[],"_links":{"self":[{"href":"https:\/\/tvsensor.com\/api\/wp\/v2\/posts\/19902","targetHints":{"allow":["GET"]}}],"collection":[{"href":"https:\/\/tvsensor.com\/api\/wp\/v2\/posts"}],"about":[{"href":"https:\/\/tvsensor.com\/api\/wp\/v2\/types\/post"}],"author":[{"embeddable":true,"href":"https:\/\/tvsensor.com\/api\/wp\/v2\/users\/7"}],"replies":[{"embeddable":true,"href":"https:\/\/tvsensor.com\/api\/wp\/v2\/comments?post=19902"}],"version-history":[{"count":2,"href":"https:\/\/tvsensor.com\/api\/wp\/v2\/posts\/19902\/revisions"}],"predecessor-version":[{"id":19905,"href":"https:\/\/tvsensor.com\/api\/wp\/v2\/posts\/19902\/revisions\/19905"}],"wp:featuredmedia":[{"embeddable":true,"href":"https:\/\/tvsensor.com\/api\/wp\/v2\/media\/19903"}],"wp:attachment":[{"href":"https:\/\/tvsensor.com\/api\/wp\/v2\/media?parent=19902"}],"wp:term":[{"taxonomy":"category","embeddable":true,"href":"https:\/\/tvsensor.com\/api\/wp\/v2\/categories?post=19902"},{"taxonomy":"post_tag","embeddable":true,"href":"https:\/\/tvsensor.com\/api\/wp\/v2\/tags?post=19902"}],"curies":[{"name":"wp","href":"https:\/\/api.w.org\/{rel}","templated":true}]}}