{"id":19896,"date":"2020-11-29T10:40:48","date_gmt":"2020-11-29T09:40:48","guid":{"rendered":"https:\/\/senzor.ba\/?p=19896"},"modified":"2024-01-15T21:42:04","modified_gmt":"2024-01-15T20:42:04","slug":"ministarstvo-regionalnog-razvoja-hrvatske-predstavilo-eu-fondove-u-mostaru","status":"publish","type":"post","link":"https:\/\/tvsensor.com\/clanak\/ministarstvo-regionalnog-razvoja-hrvatske-predstavilo-eu-fondove-u-mostaru\/","title":{"rendered":"Ministarstvo regionalnog razvoja Hrvatske predstavilo EU fondove u Mostaru"},"content":{"rendered":"\n<p>Nakon sastanka predsjednika HDZ-a BiH Dragana \u010covi\u0107a i izaslanstva GO HDZ BiH Mostar s ministrima u Vladi Republike Hrvatske u subotu u Mostaru uprili\u010den je i njegov operativni dio na temu EU fondova i programa prekograni\u010dne suradnje koju je predstavilo Ministarstvo za regionalni razvoj i EU fondove Republike Hrvatske.<\/p>\n\n\n\n<p><strong>&#8220;Predstavljanje ove iznimno va\u017ene teme poslu\u017eilo je za bolje upoznavanje sa svim temama od klju\u010dnog zna\u010daja za programe lokalnih zajednica te mogu\u0107nosti finansiranja i sufinansiranja kapitalnih projekata&#8221;<\/strong>, priop\u0107eno je iz Ureda za inforiranje HDZ-a BiH.<\/p>\n\n\n\n<figure class=\"wp-block-image size-large\"><img loading=\"lazy\" decoding=\"async\" width=\"700\" height=\"420\" src=\"https:\/\/tvsensor.com\/wp-content\/uploads\/2020\/11\/2112.jpg\" alt=\"\" class=\"wp-image-19898\" srcset=\"https:\/\/tvsensor.com\/wp-content\/uploads\/2020\/11\/2112.jpg 700w, https:\/\/tvsensor.com\/wp-content\/uploads\/2020\/11\/2112-150x90.jpg 150w, https:\/\/tvsensor.com\/wp-content\/uploads\/2020\/11\/2112-300x180.jpg 300w, https:\/\/tvsensor.com\/wp-content\/uploads\/2020\/11\/2112-696x418.jpg 696w\" sizes=\"auto, (max-width: 700px) 100vw, 700px\" \/><\/figure>\n\n\n\n<p>Na radnoj konferenciji &#8220;Predstavljanje mogu\u0107nosti unutar EU fondova&#8221;&nbsp;stru\u010dni tim Ministarstva regionalnog razvoja i EU fondova Republike Hrvatske, koje iza sebe ima niz uspje\u0161nih aktivnosti, predo\u010dilo je sve korake koje jedna lokalna zajednica mora ispuniti prema institucijama EU te na koju vrstu projekata kao op\u0107ina\/grad mogu aplicirati i uspje\u0161no djelovati.<\/p>\n\n\n\n<p><strong>&#8220;Mnogobrojni hrvatski gradovi svoju infrastrukturu, prometnice, urbanizaciju, kulturne sadr\u017eaje podignuli su upravo preko ovakvih aktivnosti koje i gradu Mostaru mogu doprinijeti da dugoro\u010dno do\u0111e na razinu jednog od narazvijenijih europskih gradova&#8221;<\/strong>, navodi se u priop\u0107enju.<\/p>\n\n\n\n<p>Izvor: Akta.ba <\/p>\n","protected":false},"excerpt":{"rendered":"<p>Nakon sastanka predsjednika HDZ-a BiH Dragana \u010covi\u0107a i izaslanstva GO HDZ BiH Mostar s ministrima u Vladi Republike Hrvatske u subotu u Mostaru uprili\u010den je i njegov operativni dio na temu EU fondova i programa prekograni\u010dne suradnje koju je predstavilo Ministarstvo za regionalni razvoj i EU fondove Republike Hrvatske. &#8220;Predstavljanje ove iznimno va\u017ene teme poslu\u017eilo [&hellip;]<\/p>\n","protected":false},"author":7,"featured_media":19897,"comment_status":"closed","ping_status":"closed","sticky":false,"template":"","format":"standard","meta":{"inline_featured_image":false,"footnotes":""},"categories":[37,38],"tags":[],"class_list":{"0":"post-19896","1":"post","2":"type-post","3":"status-publish","4":"format-standard","5":"has-post-thumbnail","7":"category-vijesti","8":"category-vijesti-iz-bih"},"acf":[],"_links":{"self":[{"href":"https:\/\/tvsensor.com\/api\/wp\/v2\/posts\/19896","targetHints":{"allow":["GET"]}}],"collection":[{"href":"https:\/\/tvsensor.com\/api\/wp\/v2\/posts"}],"about":[{"href":"https:\/\/tvsensor.com\/api\/wp\/v2\/types\/post"}],"author":[{"embeddable":true,"href":"https:\/\/tvsensor.com\/api\/wp\/v2\/users\/7"}],"replies":[{"embeddable":true,"href":"https:\/\/tvsensor.com\/api\/wp\/v2\/comments?post=19896"}],"version-history":[{"count":3,"href":"https:\/\/tvsensor.com\/api\/wp\/v2\/posts\/19896\/revisions"}],"predecessor-version":[{"id":19901,"href":"https:\/\/tvsensor.com\/api\/wp\/v2\/posts\/19896\/revisions\/19901"}],"wp:featuredmedia":[{"embeddable":true,"href":"https:\/\/tvsensor.com\/api\/wp\/v2\/media\/19897"}],"wp:attachment":[{"href":"https:\/\/tvsensor.com\/api\/wp\/v2\/media?parent=19896"}],"wp:term":[{"taxonomy":"category","embeddable":true,"href":"https:\/\/tvsensor.com\/api\/wp\/v2\/categories?post=19896"},{"taxonomy":"post_tag","embeddable":true,"href":"https:\/\/tvsensor.com\/api\/wp\/v2\/tags?post=19896"}],"curies":[{"name":"wp","href":"https:\/\/api.w.org\/{rel}","templated":true}]}}