{"id":19880,"date":"2020-11-29T09:20:14","date_gmt":"2020-11-29T08:20:14","guid":{"rendered":"https:\/\/senzor.ba\/?p=19880"},"modified":"2024-01-15T21:42:04","modified_gmt":"2024-01-15T20:42:04","slug":"u-galeriji-ulupubih-od-1-decembra-izlozba-fotografija-tarika-jesenkovica","status":"publish","type":"post","link":"https:\/\/tvsensor.com\/clanak\/u-galeriji-ulupubih-od-1-decembra-izlozba-fotografija-tarika-jesenkovica\/","title":{"rendered":"U Galeriji ULUPUBiH od 1. decembra izlo\u017eba fotografija Tarika Jesenkovi\u0107a"},"content":{"rendered":"\n<p>U okviru projekta \u201cUmjetnost u izlogu\u201d od utorka 1. decembra do ponedeljka 7. decembra 2020. bit \u0107e otvorena izlo\u017eba fotografija Tarika Jesenkovi\u0107a, redovnog \u010dlana ULUPUBiH-a.<\/p>\n\n\n\n<p>Tarik Jesenkovi\u0107 se ovom prilikom predstavlja sa 25 fotografija srednjeg formata. Fotografije su izbor iz tri velika ciklusa koja su jo\u0161 uvijek u nastajanju: Snijeg u Sarajevu, Ritam grada i Refleksije nastalim u periodu od 2014. do 2020. godine.<\/p>\n\n\n\n<figure class=\"wp-block-image size-large\"><img loading=\"lazy\" decoding=\"async\" width=\"750\" height=\"421\" src=\"https:\/\/tvsensor.com\/wp-content\/uploads\/2020\/11\/u-galeriji-ulupubih-od-1-decembra-izlozba-fotografija-tarika-jesenkovica99932.jpg\" alt=\"\" class=\"wp-image-19881\" srcset=\"https:\/\/tvsensor.com\/wp-content\/uploads\/2020\/11\/u-galeriji-ulupubih-od-1-decembra-izlozba-fotografija-tarika-jesenkovica99932.jpg 750w, https:\/\/tvsensor.com\/wp-content\/uploads\/2020\/11\/u-galeriji-ulupubih-od-1-decembra-izlozba-fotografija-tarika-jesenkovica99932-150x84.jpg 150w, https:\/\/tvsensor.com\/wp-content\/uploads\/2020\/11\/u-galeriji-ulupubih-od-1-decembra-izlozba-fotografija-tarika-jesenkovica99932-300x168.jpg 300w, https:\/\/tvsensor.com\/wp-content\/uploads\/2020\/11\/u-galeriji-ulupubih-od-1-decembra-izlozba-fotografija-tarika-jesenkovica99932-696x391.jpg 696w\" sizes=\"auto, (max-width: 750px) 100vw, 750px\" \/><\/figure>\n\n\n\n<p>Mjesta nastanka ovih fotografija su gradovi: Sarajevo, Mostar, Istanbul, Afyon, Efes i Mardin. Izlo\u017eeni fotografski radovi spadaju u \u017eanr uli\u010dne (street photography) i \u017eive (life) fotografije \u0161to zna\u010di: slike su zabilje\u017eene spontano, bez upotrebe profesionalnih modela, bez namje\u0161tanja scena i bez kori\u0161tenja vje\u0161ta\u010dke rasvjete.<\/p>\n\n\n\n<p>Svoje fotografske radove u kontinuirano prezentira putem interneta i na dru\u0161tvenim mre\u017eama a ovo je njegova tre\u0107a samostalna izlo\u017eba fotografija.<\/p>\n","protected":false},"excerpt":{"rendered":"<p>U okviru projekta \u201cUmjetnost u izlogu\u201d od utorka 1. decembra do ponedeljka 7. decembra 2020. bit \u0107e otvorena izlo\u017eba fotografija Tarika Jesenkovi\u0107a, redovnog \u010dlana ULUPUBiH-a. Tarik Jesenkovi\u0107 se ovom prilikom predstavlja sa 25 fotografija srednjeg formata. Fotografije su izbor iz tri velika ciklusa koja su jo\u0161 uvijek u nastajanju: Snijeg u Sarajevu, Ritam grada i [&hellip;]<\/p>\n","protected":false},"author":7,"featured_media":19882,"comment_status":"closed","ping_status":"closed","sticky":false,"template":"","format":"standard","meta":{"inline_featured_image":false,"footnotes":""},"categories":[46,53],"tags":[],"class_list":{"0":"post-19880","1":"post","2":"type-post","3":"status-publish","4":"format-standard","5":"has-post-thumbnail","7":"category-kultura","8":"category-magazin"},"acf":[],"_links":{"self":[{"href":"https:\/\/tvsensor.com\/api\/wp\/v2\/posts\/19880","targetHints":{"allow":["GET"]}}],"collection":[{"href":"https:\/\/tvsensor.com\/api\/wp\/v2\/posts"}],"about":[{"href":"https:\/\/tvsensor.com\/api\/wp\/v2\/types\/post"}],"author":[{"embeddable":true,"href":"https:\/\/tvsensor.com\/api\/wp\/v2\/users\/7"}],"replies":[{"embeddable":true,"href":"https:\/\/tvsensor.com\/api\/wp\/v2\/comments?post=19880"}],"version-history":[{"count":2,"href":"https:\/\/tvsensor.com\/api\/wp\/v2\/posts\/19880\/revisions"}],"predecessor-version":[{"id":19884,"href":"https:\/\/tvsensor.com\/api\/wp\/v2\/posts\/19880\/revisions\/19884"}],"wp:featuredmedia":[{"embeddable":true,"href":"https:\/\/tvsensor.com\/api\/wp\/v2\/media\/19882"}],"wp:attachment":[{"href":"https:\/\/tvsensor.com\/api\/wp\/v2\/media?parent=19880"}],"wp:term":[{"taxonomy":"category","embeddable":true,"href":"https:\/\/tvsensor.com\/api\/wp\/v2\/categories?post=19880"},{"taxonomy":"post_tag","embeddable":true,"href":"https:\/\/tvsensor.com\/api\/wp\/v2\/tags?post=19880"}],"curies":[{"name":"wp","href":"https:\/\/api.w.org\/{rel}","templated":true}]}}